{"id":101,"date":"2013-01-06T15:17:35","date_gmt":"2013-01-06T14:17:35","guid":{"rendered":"http:\/\/blog.rentenreform-alternative.de\/?p=101"},"modified":"2016-07-17T13:38:52","modified_gmt":"2016-07-17T12:38:52","slug":"rosler-prugelknabe-cdu-distanzierung","status":"publish","type":"post","link":"https:\/\/faktengegenvolksverdummung.de\/author\/k-albrecht\/rosler-prugelknabe-cdu-distanzierung\/","title":{"rendered":"R\u00f6sler Pr\u00fcgelknabe &#8211; CDU-Distanzierung?"},"content":{"rendered":"<p>Klares Nein zum Mindestlohn, klares Ja zur Privatisierung &#8230; Dessen [FDP-Chef Philipp R\u00f6slers] Wirtschaftsministerium lancierte an den Weihnachtstagen ein Papier, das mit klassischen FDP-Positionen anscheinend die liberale Klientel neu motivieren will. <a href=\"http:\/\/www.manager-magazin.de\/politik\/deutschland\/a-874644.html\">Vom Verkauf von Staatsbeteiligungen im gro\u00dfen Stil ist da die Rede<\/a>, was den Bundeshaushalt in Milliardenh\u00f6he entlasten soll. &#8222;Der Staat muss sich aus Wirtschaftsunternehmen und Finanzinstituten zur\u00fcckziehen&#8220;, hei\u00dft es in dem Positionspapier.<br \/>\nQuelle: Spiegel, 26.12.2012 <a href=\"http:\/\/www.spiegel.de\/politik\/deutschland\/fdp-in-der-krise-parteichef-philipp-roesler-versucht-die-mini-offensive-a-874698.html\" target=\"_blank\">FDP in der Krise &#8211; R\u00f6slers Mini-Offensive verpufft im Frust<\/a><\/p>\n<p>Die Regeln f\u00fcr befristete Arbeitsvertr\u00e4ge will er lockern und die Einkommensgrenze f\u00fcr sozialversicherungsfreie Minijobs nochmals erh\u00f6hen. Entschieden lehnt FDP-Chef R\u00f6sler den dringend erforderlichen fl\u00e4chendeckenden Mindestlohn ab. Die SPD hat den Vorsto\u00df des FDP-Chefs zur Privatisierung von Staatsbeteiligungen und zur Flexibilisierung des Arbeitsmarktes scharf kritisiert. Sie lehnt diesen &#8222;Privatisierungswahn\u201c ab. R\u00f6slers FDP-Vorschl\u00e4ge zum Arbeitsmarkt und zum Mindestlohn sind unsozial.<\/p>\n<p>Die CDU distanziert sich umgehend von R\u00f6slers Positionspapier, denn es stehen Landtagswahl und Bundestagswahl an. Unsere freie Presse verbreitet die CDU-Distanzierung kampagnenartig, R\u00f6sler wird zum Pr\u00fcgelknaben.<br \/>\nEinige Beispiele:<br \/>\nDie Welt <a href=\"http:\/\/www.welt.de\/newsticker\/dpa_nt\/infoline_nt\/brennpunkte_nt\/article112320712\/CDU-distanziert-sich-von-Roeslers-Positionspapier.html\" target=\"_blank\">CDU distanziert sich von R\u00f6slers Positionspapier<\/a><br \/>\nReuters <a href=\"http:\/\/de.reuters.com\/article\/topNews\/idDEBEE8BR01O20121228\" target=\"_blank\">Sch\u00e4uble reagiert k\u00fchl auf Privatisierungspl\u00e4ne R\u00f6slers<\/a><br \/>\nFocus <a href=\"http:\/\/www.focus.de\/politik\/deutschland\/wirtschaftsminister-will-arbeitsmarkt-flexibilisieren-cdu-will-roeslers-positionspapier-widerstehen_aid_889700.html\" target=\"_blank\">CDU will R\u00f6slers Positionspapier widerstehen<\/a><br \/>\nN-TV <a href=\"http:\/\/www.n-tv.de\/politik\/CDU-watscht-Roesler-ab-article9875606.html\" target=\"_blank\">Deutliche Distanz zum Positionspapier-CDU watscht R\u00f6sler ab<\/a><br \/>\n<a href=\"http:\/\/www.google.de\/search?q=CDU+distanziert+sich+von+R%C3%B6slers+Positionspapier&amp;hl=de&amp;tbo=d&amp;rlz=1I7AURU_deDE500&amp;ei=Q4HpUMCJJ8Go4gTl74DgDw&amp;start=0&amp;sa=N&amp;biw=1151&amp;bih=426\" target=\"_blank\">Mehr Presse-Distanzierungsartikel <\/a><\/p>\n<p>In meinen Augen ist die CDU-Distanzierung\u00a0mehr als scheinheilig: Tats\u00e4chlich hat das <a href=\"http:\/\/diepresse.com\/home\/wirtschaft\/international\/1327204\/Deutschland-versilbert-Bundesanteile#cxrecs_s\" target=\"_blank\">Kabinett Merkel erst am 13. Dez. 2012 eine Privatisierungsliste mit 500 bundeseigenen Unternehmen beschlossen<\/a>, als Grundlage f\u00fcr weitere Privatisierungsentscheidungen. Im November 2012 hatte die <a href=\"http:\/\/www.solidbau.at\/home\/artikel\/Big_Deal\/TLG_Immobilien_wechselt_fuer_11_Mrd._Euro_den_Besitzer\/aid\/15387?do=print\" target=\"_blank\">Bundesregierung unter Merkel und Sch\u00e4uble bereits die staatliche Firma TLG Wohnen verkauft<\/a>, mit 11.350 Wohnungen in Ostdeutschland um mehr als eine Milliarde Euro. Es war die gr\u00f6\u00dfte Privatisierung in Deutschland seit einem halben Jahrzehnt.<br \/>\nNeben Immobilien- und Finanzinvestoren hatte sich auch die Linkspartei \u00fcber eine eigens gegr\u00fcndete Genossenschaft an dem Bieterwettbewerb beteiligt, sie wurde <a href=\"http:\/\/www.die-linke.de\/index.php?id=181&amp;tx_ttnews[tt_news]=20289&amp;tx_ttnews[backPid]=154&amp;no_cache=1\" target=\"_blank\">augenscheinlich auf Betreiben des Bundesfinanzministeriums\u00a0ausgeschlossen<\/a>.<\/p>\n<p>Siehe auch<br \/>\n<a href=\"http:\/\/www.zukunft--der--arbeit.de\/sozialab-merkel.htm\" target=\"_blank\">Sozialabbau unter Merkel\u00a0 2002\/2005 bis heute <\/a><br \/>\n<a href=\"http:\/\/www.zukunft--der--arbeit.de\/privatis-ppp-cbl.htm\" target=\"_blank\">Privatisierung \u00f6ffentlicher Einrichtungen<\/a><br \/>\n.<\/p>\n","protected":false},"excerpt":{"rendered":"<p>Klares Nein zum Mindestlohn, klares Ja zur Privatisierung &#8230; Dessen [FDP-Chef Philipp R\u00f6slers] Wirtschaftsministerium lancierte an den Weihnachtstagen ein Papier, das mit klassischen FDP-Positionen anscheinend die liberale Klientel neu motivieren will. Vom Verkauf von Staatsbeteiligungen im gro\u00dfen Stil ist da &hellip; <a href=\"https:\/\/faktengegenvolksverdummung.de\/author\/k-albrecht\/rosler-prugelknabe-cdu-distanzierung\/\">Weiterlesen <span class=\"meta-nav\">&rarr;<\/span><\/a><\/p>\n","protected":false},"author":2,"featured_media":0,"comment_status":"open","ping_status":"open","sticky":true,"template":"","format":"standard","meta":{"footnotes":""},"categories":[1,13,73,48],"tags":[12,324,74,78,195],"class_list":["post-101","post","type-post","status-publish","format-standard","hentry","category-allgemein","category-merkel","category-privatisierung","category-umverteilungspolitik","tag-fdp-positionen","tag-merkel","tag-philipp-rosler","tag-privatisierungsliste","tag-tlg-wohnungsverkauf"],"_links":{"self":[{"href":"https:\/\/faktengegenvolksverdummung.de\/author\/k-albrecht\/wp-json\/wp\/v2\/posts\/101","targetHints":{"allow":["GET"]}}],"collection":[{"href":"https:\/\/faktengegenvolksverdummung.de\/author\/k-albrecht\/wp-json\/wp\/v2\/posts"}],"about":[{"href":"https:\/\/faktengegenvolksverdummung.de\/author\/k-albrecht\/wp-json\/wp\/v2\/types\/post"}],"author":[{"embeddable":true,"href":"https:\/\/faktengegenvolksverdummung.de\/author\/k-albrecht\/wp-json\/wp\/v2\/users\/2"}],"replies":[{"embeddable":true,"href":"https:\/\/faktengegenvolksverdummung.de\/author\/k-albrecht\/wp-json\/wp\/v2\/comments?post=101"}],"version-history":[{"count":14,"href":"https:\/\/faktengegenvolksverdummung.de\/author\/k-albrecht\/wp-json\/wp\/v2\/posts\/101\/revisions"}],"predecessor-version":[{"id":906,"href":"https:\/\/faktengegenvolksverdummung.de\/author\/k-albrecht\/wp-json\/wp\/v2\/posts\/101\/revisions\/906"}],"wp:attachment":[{"href":"https:\/\/faktengegenvolksverdummung.de\/author\/k-albrecht\/wp-json\/wp\/v2\/media?parent=101"}],"wp:term":[{"taxonomy":"category","embeddable":true,"href":"https:\/\/faktengegenvolksverdummung.de\/author\/k-albrecht\/wp-json\/wp\/v2\/categories?post=101"},{"taxonomy":"post_tag","embeddable":true,"href":"https:\/\/faktengegenvolksverdummung.de\/author\/k-albrecht\/wp-json\/wp\/v2\/tags?post=101"}],"curies":[{"name":"wp","href":"https:\/\/api.w.org\/{rel}","templated":true}]}}