{"id":1087,"date":"2021-02-28T18:17:44","date_gmt":"2021-02-28T17:17:44","guid":{"rendered":"http:\/\/blog.rentenreform-alternative.de\/author\/k-albrecht\/?p=1087"},"modified":"2021-03-10T19:18:11","modified_gmt":"2021-03-10T18:18:11","slug":"rentenkonzept-der-cdu-radikaler-umbau-zur-grv-fuer-alle","status":"publish","type":"post","link":"https:\/\/faktengegenvolksverdummung.de\/author\/k-albrecht\/rentenkonzept-der-cdu-radikaler-umbau-zur-grv-fuer-alle\/","title":{"rendered":"Rentenkonzept der CDU Radikaler Umbau zur GRV f\u00fcr alle"},"content":{"rendered":"\n<p><strong>Rentenkonzept der CDU vom November 2020. <\/strong><strong>Radikaler Umbau zur \u201eErwerbst\u00e4tigenversicherung\u201c: Gesetzliche Rente f\u00fcr alle.<\/strong> <br \/>Am 20. November 2020 berichten Medien, darunter ntv, focus, Welt, dass in der CDU ein tiefgreifender Umbau des Rentensystems geplant ist.<br \/>Das Konzept des CDU-Bundesfachausschusses &#8222;Soziale Sicherung und Arbeitswelt&#8220; sieht vor, <br \/>&#8211; Beamte, Politiker, Selbstst\u00e4ndige sollen schrittweise in die gesetzl. Rentenversicherung . <br \/>\u00a0\u00a0\u00a0 Ab 2030 Beamte, Selbstst\u00e4ndige, Politiker im Alter von unter 30 Jahren sollen <br \/>\u00a0\u00a0\u00a0 in die Rentenkasse einzahlen. Alle, die \u00e4lter sind, bleiben in ihrer alten Versorgung<br \/>&#8211; Anpassung der Regelaltersgrenze von 67 Jahren grunds\u00e4tzlich vorstellbar.<br \/>\u00a0\u00a0\u00a0\u00a0 Zuk\u00fcnftig m\u00fcssten 45 Jahre Regelversicherungszeit erbracht werden, um abschlagsfrei<br \/>\u00a0\u00a0\u00a0\u00a0 in Rente zu gehen. Abweichung nur mit entsprechenden Zu- oder Abschl\u00e4gen.<br \/>&#8211; Die Beitragsbemessungsgrenze soll entfallen.<br \/>\u00a0\u00a0\u00a0\u00a0\u00a0 Beitr\u00e4ge in zehn Stufen \u00fcber zehn Jahre auf das gesamte Gehalt f\u00e4llig werden. <br \/>\u00a0\u00a0\u00a0\u00a0\u00a0 Dann werden aber auch mehr Rentenpunkte angerechnet.<br \/>&#8211; Zus\u00e4tzlicher Beitrag zur Gesetzlichen Rentenversicherung<br \/>\u00a0\u00a0\u00a0\u00a0\u00a0 Steigende Kosten der Alterssicherung k\u00f6nnten nicht nur von Beitragszahlern <br \/>\u00a0\u00a0\u00a0\u00a0\u00a0 aufgefangen werden. Bis 2025 soll entschieden werden, ob ab 2030 die Beitragspflicht <br \/>\u00a0\u00a0\u00a0\u00a0\u00a0 auf \u00fcbrige Eink\u00fcnfte gilt oder eine st\u00e4rkere Steuerfinanzierung.<br \/>\u00a0\u00a0\u00a0\u00a0\u00a0 Noch nicht entschieden: Rentenbeitragspflicht auf Kapitalertr\u00e4ge oder durch <br \/>\u00a0\u00a0\u00a0\u00a0\u00a0 Wertsch\u00f6pfungsabgabe oder \u00e4hnliches.<br \/>&#8211; Langfristig soll die Gesetzliche Rentenversicherung vom reinen Umlagesystem <br \/>\u00a0\u00a0\u00a0 auf ein Mischsystem aus Umlage und Kapitalanlage umgestellt werden.<br \/>\u00a0\u00a0\u00a0\u00a0\u00a0 Die Rentenversicherung soll einen entsprechenden Rentenfonds, unter Aufsicht der\u00a0 <br \/>\u00a0\u00a0\u00a0\u00a0\u00a0 Bundesbank, aufbauen. <br \/>\u00a0\u00a0\u00a0\u00a0\u00a0\u00a0 2,5 Prozent des Bruttolohns sollen in den Rentenfonds zur Alterssicherung fliessen.<br \/>&#8211; Minijobs: Die Rentenversicherungspflicht gilt k\u00fcnftig auch f\u00fcr Minijobs <br \/>&#8211; Geringverdiener: Arbeitgeber finanzieren Mindestbeitrag, 2020: 14,70 \u20ac\/ Stunde. <br \/>\u00a0\u00a0\u00a0\u00a0\u00a0 Grundlage ist die f\u00fcr Menschen mit Behinderung bereits bestehende Regelung.\u00a0\u00a0 <br \/>\u00a0\u00a0\u00a0\u00a0\u00a0 Damit erg\u00e4be sich nach 45 Jahren eine Rente von ca. 1100 Euro, Grundrente k\u00f6nnte\u00a0 <br \/>\u00a0\u00a0\u00a0\u00a0\u00a0\u00a0 dann auslaufen.<br \/>&#8211; Erwerbsminderungsrente: Die Verbesserungen von 2014 und 2019 sollen in die <br \/>\u00a0\u00a0 Anrechnungszeit der Altersrente einfliessen. <br \/>&#8211; Riesterente ersetzen durch neues \u201eStandardvorsorgeprodukt\u201c f\u00fcr alle.<br \/>\u00a0\u00a0\u00a0\u00a0\u00a0\u00a0\u00a0 Sparbeitra\u0308ge vom Nettolohn direkt einbezahlt durch Arbeitgeber.<br \/>\u00a0\u00a0\u00a0\u00a0\u00a0\u00a0\u00a0 Staatliche\u00a0 Sparzulagen automatisch vom Finanzamt ausgezahlt.<br \/>\u00a0\u00a0\u00a0\u00a0\u00a0\u00a0\u00a0 Selbstst\u00e4ndige, Erwerbslose, Beamte, Minijobber, alle gleiche Konditionen.<br \/>\u00a0\u00a0\u00a0\u00a0\u00a0\u00a0\u00a0 Geringverdiener erhalten h\u00f6here Zulagen.<br \/>\u00a0\u00a0\u00a0\u00a0\u00a0\u00a0\u00a0 Anlageschwerpunkt auf aktienbasierten Produkten.<br \/>Sobald vom Fachausschuss ein endg\u00fcltiger Beschluss vorliegt, werde das Konzept in Partei und Gremien weiter beraten.<br \/><br \/><strong>Dramatische Wende am 1.12.2020:<\/strong> <br \/>\u00a0\u00a0\u00a0\u00a0\u00a0\u00a0\u00a0\u00a0\u00a0\u00a0\u00a0\u00a0\u00a0\u00a0\u00a0\u00a0\u00a0\u00a0\u00a0\u00a0\u00a0\u00a0\u00a0\u00a0\u00a0\u00a0\u00a0\u00a0\u00a0\u00a0\u00a0\u00a0\u00a0\u00a0\u00a0\u00a0\u00a0 <strong>CDU-Wirtschaftsfl\u00fcgel verhindert \u201eRenten-Revolution\u201c<\/strong><br \/>M\u00e4chtiger CDU-Wirtschaftsfl\u00fcgel <strong>kassiert wesentliche Reformpunkte:<\/strong><br \/>\u00a0\u00a0 Beamte, Politiker und Selbstst\u00e4ndige in die gesetzliche Rentenversicherung<br \/>\u00a0\u00a0 Beitragsbemessungsgrenze soll entfallen.<br \/>\u00a0\u00a0 Rentenversicherungspflicht k\u00fcnftig auch f\u00fcr Minijobs <br \/>\u00a0\u00a0 Arbeitgeber finanzieren Mindestbeitrag f\u00fcr Geringverdiener<br \/>\u00a0\u00a0\u00a0 &#8230;<br \/><br \/>Die Rente wird ein wichtiges Thema der Bundestagswahl im Herbst 2021, stark abh\u00e4ngig vom k\u00fcnftigen Parteivorsitzenden und Kanzlerkandidaten. Eines ist sicher: Wirtschaftsmann Merz wird fortschrittliche Reformschritte weiter bek\u00e4mpfen.<\/p>\n<p>Anmerkung Knut Albrecht:<br \/><strong>Das Rentenkonzept der CDU vom 20. November 2020<\/strong> ist, pauschal beurteilt, ein wesentlicher Schritt weg von drohender Altersarmut hin zu einer stark verbesserten und zukunftsf\u00e4higen Alterssicherung. Es beseitigt viele Benachteiligungen und Ungerechtigkeiten. Die hierf\u00fcr verantwortlichen CDU-Mitglieder sollten gro\u00dfe \u00f6ffentliche Unterst\u00fctzung vor allem von denen erfahren, die seit Jahren angeblich gleiche Renten-Ziele vertreten. Was sie besser machen wollen, sollten sie jetzt vor der Bundestagswahl 2021 offensiv vertreten. Die \u00f6ffentliche Diskussion muss klarstellen wie sozial- und zukunftsfeindlich der Widerstand der CDU-Wirtschaftsvertreter (siehe auch Beitrag: Lieferkettengesetz und &#8230;) ist und besonders Frauen und prek\u00e4r Besch\u00e4ftigten schadet.<br \/>Entt\u00e4uschend, aber auch entlarvend, sind die bisherigen k\u00fcmmerlichen Reaktionen von all den <a href=\"https:\/\/www.rentenreform-alternative.de\/alternative.htm#Rentenreform%20Konzepte%20Anderer\" target=\"_blank\" rel=\"noopener\">Parteien und Sozialverb\u00e4nden<\/a>, die eine &#8222;Erwerbst\u00e4tigenrente f\u00fcr alle&#8220; seit Jahren fordern. <br \/><br \/><strong>Das verbliebene CDU-Rentenkonzept nach Streichung wesentlicher Reformpunkte durch den CDU-Wirtschaftsfl\u00fcgel (s.o.), vorgestellt am 1.12.2020<\/strong>, ist realit\u00e4tsfern, r\u00fcckw\u00e4rtsgewandt, destabilisiert die Rentenversicherung und schw\u00e4cht ihre Finanzierungsbasis weiterhin. Es verst\u00e4rkt die Altersarmut, besonders von Frauen.<br \/>Das unsoziale Festhalten an der Privilegierung von Beamten, Politikern und Selbstst\u00e4ndigen gegen\u00fcber Millionen pflichtversicherten abh\u00e4ngig Besch\u00e4ftigten ist f\u00fcr eine Partei, die sich selber christlich nennt, schlicht besch\u00e4mend.<br \/><br \/>Wie eine sozial gerechte, solide und zukunftsfest finanzierte Rentenversicherung, die Altersarmut wirksam verhindert, aussehen muss, <br \/>\u00a0\u00a0\u00a0\u00a0\u00a0\u00a0\u00a0\u00a0\u00a0\u00a0\u00a0\u00a0\u00a0\u00a0\u00a0\u00a0\u00a0\u00a0\u00a0\u00a0\u00a0\u00a0\u00a0\u00a0\u00a0\u00a0\u00a0\u00a0\u00a0\u00a0\u00a0\u00a0 finden Sie im Reform-Konzept:\u00a0 <a href=\"https:\/\/www.rentenreform-alternative.de\/alternative.htm\" target=\"_blank\" rel=\"noopener\">Rentenreform-Alternative GRV f\u00fcr alle<\/a><\/p>\n","protected":false},"excerpt":{"rendered":"<p>Rentenkonzept der CDU vom November 2020. Radikaler Umbau zur \u201eErwerbst\u00e4tigenversicherung\u201c: Gesetzliche Rente f\u00fcr alle. Am 20. November 2020 berichten Medien, darunter ntv, focus, Welt, dass in der CDU ein tiefgreifender Umbau des Rentensystems geplant ist.Das Konzept des CDU-Bundesfachausschusses &#8222;Soziale Sicherung &hellip; <a href=\"https:\/\/faktengegenvolksverdummung.de\/author\/k-albrecht\/rentenkonzept-der-cdu-radikaler-umbau-zur-grv-fuer-alle\/\">Weiterlesen <span class=\"meta-nav\">&rarr;<\/span><\/a><\/p>\n","protected":false},"author":2,"featured_media":0,"comment_status":"open","ping_status":"","sticky":true,"template":"","format":"standard","meta":{"footnotes":""},"categories":[1,216,297],"tags":[372,371],"class_list":["post-1087","post","type-post","status-publish","format-standard","hentry","category-allgemein","category-altersarmut-vermeiden","category-gesetzliche-rentenversicherung","tag-cdu-rentenkonzept-grv-fuer-alle","tag-rentenreform-grv-fuer-alle"],"_links":{"self":[{"href":"https:\/\/faktengegenvolksverdummung.de\/author\/k-albrecht\/wp-json\/wp\/v2\/posts\/1087","targetHints":{"allow":["GET"]}}],"collection":[{"href":"https:\/\/faktengegenvolksverdummung.de\/author\/k-albrecht\/wp-json\/wp\/v2\/posts"}],"about":[{"href":"https:\/\/faktengegenvolksverdummung.de\/author\/k-albrecht\/wp-json\/wp\/v2\/types\/post"}],"author":[{"embeddable":true,"href":"https:\/\/faktengegenvolksverdummung.de\/author\/k-albrecht\/wp-json\/wp\/v2\/users\/2"}],"replies":[{"embeddable":true,"href":"https:\/\/faktengegenvolksverdummung.de\/author\/k-albrecht\/wp-json\/wp\/v2\/comments?post=1087"}],"version-history":[{"count":10,"href":"https:\/\/faktengegenvolksverdummung.de\/author\/k-albrecht\/wp-json\/wp\/v2\/posts\/1087\/revisions"}],"predecessor-version":[{"id":1101,"href":"https:\/\/faktengegenvolksverdummung.de\/author\/k-albrecht\/wp-json\/wp\/v2\/posts\/1087\/revisions\/1101"}],"wp:attachment":[{"href":"https:\/\/faktengegenvolksverdummung.de\/author\/k-albrecht\/wp-json\/wp\/v2\/media?parent=1087"}],"wp:term":[{"taxonomy":"category","embeddable":true,"href":"https:\/\/faktengegenvolksverdummung.de\/author\/k-albrecht\/wp-json\/wp\/v2\/categories?post=1087"},{"taxonomy":"post_tag","embeddable":true,"href":"https:\/\/faktengegenvolksverdummung.de\/author\/k-albrecht\/wp-json\/wp\/v2\/tags?post=1087"}],"curies":[{"name":"wp","href":"https:\/\/api.w.org\/{rel}","templated":true}]}}