{"id":110,"date":"2013-01-13T11:27:18","date_gmt":"2013-01-13T10:27:18","guid":{"rendered":"http:\/\/blog.rentenreform-alternative.de\/?p=110"},"modified":"2013-07-31T14:41:30","modified_gmt":"2013-07-31T13:41:30","slug":"angela-merkels-hohe-beliebtheitswerte","status":"publish","type":"post","link":"https:\/\/faktengegenvolksverdummung.de\/author\/k-albrecht\/angela-merkels-hohe-beliebtheitswerte\/","title":{"rendered":"Angela Merkels hohe Beliebtheitswerte &#8211; Wieso?"},"content":{"rendered":"<p>Im krassen Widerspruch zu Angela Merkels st\u00e4ndigen hohen Politiker-Beliebtheitswerten<br \/>\nsteht Merkels Umverteilungspolitik zum Nachteil von\u00a0Rentnern, Arbeitslosen und abh\u00e4ngig Besch\u00e4ftigten der Mittelschicht und darunter. Angefangen bei ihrer jahrelangen eisernen Ablehnung von Mindestl\u00f6hnen sowie Senkung der Lohnnebenkosten (verantwortlich f\u00fcr sinkendes Lohn- und Rentenniveau und Schw\u00e4chung der gesetzlichen Alterssicherung wie der Krankenversicherung), Einf\u00fchrung der Rente mit 67, ihrer Unternehmen und Reiche beg\u00fcnstigende Steuer- und Abgabenpolitik, \u00fcber ihrer 480 Milliarden schweren &#8222;Bankenrettung&#8220;,\u00a0Merkels europaweite Umverteilung und Senkung sozialer Leistungen unter dem Druck gigantischer Rettungsschirm-Milliardenbetr\u00e4ge f\u00fcr Banken und Hedgefonds bis zur &#8211; von Anfang an &#8211; betriebenen Zerschlagung der gesetzlichen Krankenversicherung mittels <a title=\"Kopfpauschale &quot;Gesundheitspr\u00e4mie&quot;\" href=\"http:\/\/www.zukunft--der--arbeit.de\/gesundhref-merkel.htm\" target=\"_blank\">&#8222;Kopfpauschale&#8220;<\/a> und last not least ihrer Unterst\u00fctzung von internationalen Bundeswehr-Kriegseins\u00e4tzen in Afghanistan und anderswo, wie von R\u00fcstungsexporten in Weltrang-Spitzenposition. Mit &#8222;Rettungsmilliarden&#8220; f\u00fcr Banken, Wirtschaft und EU hat Bundeskanzlerin Merkel die Staatsverschuldung in nie gekannter H\u00f6he getrieben.\u00a0Alles wesentliche Politikinhalte, die von der Bev\u00f6lkerung mehrheitlich abgelehnt werden. Dass hier Kr\u00e4fte ihre Hand im (Medien-)Spiel haben, die Haupt-Nutzniesser dieser Politik sind, dr\u00e4ngt sich geradezu auf. Besonders angesichts der Tatsache, dass die einzige Partei im Bundestag, die auch diese Merkel-Politik konsequent ablehnt und fundierte Alternativen anbietet, wenn \u00fcberhaupt einer breiten \u00d6ffentlichkeit inhaltlich wahrnehmbar, als h\u00f6chst unbeliebt bewertet wird. Mehr unter <a title=\"Sozialabbau und Einkommensumverteilung unter Merkel\" href=\"http:\/\/www.zukunft--der--arbeit.de\/sozialab-merkel.htm\" target=\"_blank\">Sozialabbau unter Merkel<\/a>.<\/p>\n<p>Zu dem Ph\u00e4nomen Merkelscher Beliebtheitswerte passt gleicherma\u00dfen die pl\u00f6tzliche Funkstille im neuen (Wahl)Jahr in s\u00e4mtlichen deutschen Medien zur Merkelschen EU-Schulden-Rettungsschirm-Politik. Noch vor wenigen Wochen wurde Griechenlands Staatsbankrott beschworen und die unmittelbar drohende Finanzkatastrophe auch in Deutschland. Jetzt in der Vorwahlzeit absolute Eurokrisen-Stille daf\u00fcr &#8222;Friede, Freude, Eierkuchen&#8220;.<br \/>\n&#8222;Ihr Euro-Kurs scheint bei den W\u00e4hlern gut anzukommen: Merkel kann sich Umfragen zufolge \u00fcber hohe Beliebtheitswerte freuen.&#8220; behauptet auch die S\u00fcddeutsche Zeitung.<br \/>\nUnsere &#8222;freie&#8220; Presse fest im Griff gezielter Interessen &#8230;<\/p>\n<p style=\"text-align: center;\"><a title=\"Politik-Entscheidungen und Beschl\u00fcsse gegen unsere Interessen \" href=\"http:\/\/protestwahl-jetzt.de\/protestwahl-jetzt-politikwechsel-jetzt\/an-taten-messen-nicht-an-versprechungen\/\" target=\"_blank\"><strong><span style=\"color: #0000ff;\">An ihren Taten m\u00fcssen wir sie messen, nicht an ihren Versprechungen<\/span><\/strong><\/a><\/p>\n<p>Siehe auch <a title=\"Einkommensumverteilung\" href=\"http:\/\/www.zukunft--der--arbeit.de\/umverteilung1980-heute.htm\" target=\"_blank\">Einkommens-Umverteilung 1980 bis heute &#8211; &#8222;Lambsdorff-Papier&#8220; und &#8222;Diktat der leeren Kassen&#8220;<\/a><\/p>\n","protected":false},"excerpt":{"rendered":"<p>Im krassen Widerspruch zu Angela Merkels st\u00e4ndigen hohen Politiker-Beliebtheitswerten steht Merkels Umverteilungspolitik zum Nachteil von\u00a0Rentnern, Arbeitslosen und abh\u00e4ngig Besch\u00e4ftigten der Mittelschicht und darunter. Angefangen bei ihrer jahrelangen eisernen Ablehnung von Mindestl\u00f6hnen sowie Senkung der Lohnnebenkosten (verantwortlich f\u00fcr sinkendes Lohn- und &hellip; <a href=\"https:\/\/faktengegenvolksverdummung.de\/author\/k-albrecht\/angela-merkels-hohe-beliebtheitswerte\/\">Weiterlesen <span class=\"meta-nav\">&rarr;<\/span><\/a><\/p>\n","protected":false},"author":2,"featured_media":0,"comment_status":"open","ping_status":"open","sticky":true,"template":"","format":"standard","meta":{"footnotes":""},"categories":[1,13,49,48],"tags":[50,328,193,194,4,68,63,192,191,60,70],"class_list":["post-110","post","type-post","status-publish","format-standard","hentry","category-allgemein","category-merkel","category-sozialabbau","category-umverteilungspolitik","tag-angela-merkel","tag-arbeitslosigkeit","tag-armutslohne","tag-armutsrenten","tag-eu-schuldenpolitik","tag-kopfpauschale","tag-merkels-europaweite-umverteilung","tag-milliarden-fur-banken-und-eu-schulden","tag-prekare-beschaftigung","tag-rente-mit-67","tag-sozialabbau-unter-merkel"],"_links":{"self":[{"href":"https:\/\/faktengegenvolksverdummung.de\/author\/k-albrecht\/wp-json\/wp\/v2\/posts\/110","targetHints":{"allow":["GET"]}}],"collection":[{"href":"https:\/\/faktengegenvolksverdummung.de\/author\/k-albrecht\/wp-json\/wp\/v2\/posts"}],"about":[{"href":"https:\/\/faktengegenvolksverdummung.de\/author\/k-albrecht\/wp-json\/wp\/v2\/types\/post"}],"author":[{"embeddable":true,"href":"https:\/\/faktengegenvolksverdummung.de\/author\/k-albrecht\/wp-json\/wp\/v2\/users\/2"}],"replies":[{"embeddable":true,"href":"https:\/\/faktengegenvolksverdummung.de\/author\/k-albrecht\/wp-json\/wp\/v2\/comments?post=110"}],"version-history":[{"count":11,"href":"https:\/\/faktengegenvolksverdummung.de\/author\/k-albrecht\/wp-json\/wp\/v2\/posts\/110\/revisions"}],"predecessor-version":[{"id":116,"href":"https:\/\/faktengegenvolksverdummung.de\/author\/k-albrecht\/wp-json\/wp\/v2\/posts\/110\/revisions\/116"}],"wp:attachment":[{"href":"https:\/\/faktengegenvolksverdummung.de\/author\/k-albrecht\/wp-json\/wp\/v2\/media?parent=110"}],"wp:term":[{"taxonomy":"category","embeddable":true,"href":"https:\/\/faktengegenvolksverdummung.de\/author\/k-albrecht\/wp-json\/wp\/v2\/categories?post=110"},{"taxonomy":"post_tag","embeddable":true,"href":"https:\/\/faktengegenvolksverdummung.de\/author\/k-albrecht\/wp-json\/wp\/v2\/tags?post=110"}],"curies":[{"name":"wp","href":"https:\/\/api.w.org\/{rel}","templated":true}]}}