{"id":218,"date":"2013-09-18T10:30:57","date_gmt":"2013-09-18T09:30:57","guid":{"rendered":"http:\/\/blog.rentenreform-alternative.de\/?p=218"},"modified":"2016-04-16T10:43:35","modified_gmt":"2016-04-16T09:43:35","slug":"an-taten-messen-nicht-an-versprechungen","status":"publish","type":"post","link":"https:\/\/faktengegenvolksverdummung.de\/author\/k-albrecht\/an-taten-messen-nicht-an-versprechungen\/","title":{"rendered":"An Taten messen, nicht an Versprechungen"},"content":{"rendered":"<p>Was CDU\/CSU FDP SPD Gr\u00fcne heute wieder vollmundig versprechen (Vermeidung von Altersarmut, Steuergerechtigkeit, Abbau prek\u00e4rer Besch\u00e4ftigung, Mindestlohneinf\u00fchrung, B\u00fcrgerversicherung, M\u00fctterrente, Rentenversicherung f\u00fcr alle Erwerbst\u00e4tigen, uvm.) h\u00e4tten Sie doch l\u00e4ngst umsetzen k\u00f6nnen. Besonders Schwarz-Gelb aber auch SPD und Gr\u00fcne als sie an der Regierung waren \u2026 Warum sollten wir diesen Parteien und Politikern auch jetzt wieder auf den Leim gehen? Deshalb mein Tipp: An Taten messen, nicht an Versprechungen:<\/p>\n<div><a title=\"Warum die Rente mit 67 abzulehnen ist\" href=\"http:\/\/www.rentenreform-alternative.de\/rente67.htm\" target=\"_blank\">Rente mit 67 nicht \u201czielf\u00fchrend\u201d, nicht sozial, nicht \u201calternativlos\u201d<br \/>\n<\/a><em>Was bringt die \u201cRente mit 67\u2033 f\u00fcr Beitragssatz, Renten und Arbeitsmarkt tats\u00e4chlich?<\/em><\/div>\n<div><a title=\"Umverteilungspolitik unter Kohl, Schr\u00f6der und Merkel in wechselnden Koalitionen bis heute fortgesetzt\" href=\"http:\/\/zukunft--der--arbeit.de\/zda.htm#2.3\" target=\"_blank\">Einkommens-Umverteilung seit 1980 \u2013 \u201cLambsdorff-Papier\u201d &amp; \u201cDiktat der leeren Kassen\u201d<\/a><em><br \/>\nErwerbseinkommen und soziale Sicherung wird scheibchenweise demontiert<br \/>\n<\/em><a title=\"Die Reform-Alternative. Durch bisherige &quot;Reformen&quot; droht k\u00fcnftig Altersarmut\" href=\"http:\/\/www.rentenreform-alternative.de\/alternative.htm\" target=\"_blank\">Rentenversicherung \u201cGRV f\u00fcr alle\u201d.\u00a0Schutz vor Altersarmut, Willk\u00fcr, Ungleichbehandlung<\/a><\/div>\n<div><em>Schluss mit st\u00e4ndigem Flickwerk, ob\u00a0Lebensleistungsrente oder\u00a0Riesterreform.<br \/>\n<\/em><\/div>\n<div><\/div>\n<div><a title=\"An Taten messen\" href=\"http:\/\/protestwahl-jetzt.de\/protestwahl-jetzt-politikwechsel-jetzt\/an-taten-messen-nicht-an-versprechungen\/\" target=\"_blank\">mehr<\/a><\/div>\n","protected":false},"excerpt":{"rendered":"<p>Was CDU\/CSU FDP SPD Gr\u00fcne heute wieder vollmundig versprechen (Vermeidung von Altersarmut, Steuergerechtigkeit, Abbau prek\u00e4rer Besch\u00e4ftigung, Mindestlohneinf\u00fchrung, B\u00fcrgerversicherung, M\u00fctterrente, Rentenversicherung f\u00fcr alle Erwerbst\u00e4tigen, uvm.) h\u00e4tten Sie doch l\u00e4ngst umsetzen k\u00f6nnen. Besonders Schwarz-Gelb aber auch SPD und Gr\u00fcne als sie an &hellip; <a href=\"https:\/\/faktengegenvolksverdummung.de\/author\/k-albrecht\/an-taten-messen-nicht-an-versprechungen\/\">Weiterlesen <span class=\"meta-nav\">&rarr;<\/span><\/a><\/p>\n","protected":false},"author":2,"featured_media":0,"comment_status":"open","ping_status":"closed","sticky":false,"template":"","format":"standard","meta":{"footnotes":""},"categories":[1],"tags":[],"class_list":["post-218","post","type-post","status-publish","format-standard","hentry","category-allgemein"],"_links":{"self":[{"href":"https:\/\/faktengegenvolksverdummung.de\/author\/k-albrecht\/wp-json\/wp\/v2\/posts\/218","targetHints":{"allow":["GET"]}}],"collection":[{"href":"https:\/\/faktengegenvolksverdummung.de\/author\/k-albrecht\/wp-json\/wp\/v2\/posts"}],"about":[{"href":"https:\/\/faktengegenvolksverdummung.de\/author\/k-albrecht\/wp-json\/wp\/v2\/types\/post"}],"author":[{"embeddable":true,"href":"https:\/\/faktengegenvolksverdummung.de\/author\/k-albrecht\/wp-json\/wp\/v2\/users\/2"}],"replies":[{"embeddable":true,"href":"https:\/\/faktengegenvolksverdummung.de\/author\/k-albrecht\/wp-json\/wp\/v2\/comments?post=218"}],"version-history":[{"count":2,"href":"https:\/\/faktengegenvolksverdummung.de\/author\/k-albrecht\/wp-json\/wp\/v2\/posts\/218\/revisions"}],"predecessor-version":[{"id":221,"href":"https:\/\/faktengegenvolksverdummung.de\/author\/k-albrecht\/wp-json\/wp\/v2\/posts\/218\/revisions\/221"}],"wp:attachment":[{"href":"https:\/\/faktengegenvolksverdummung.de\/author\/k-albrecht\/wp-json\/wp\/v2\/media?parent=218"}],"wp:term":[{"taxonomy":"category","embeddable":true,"href":"https:\/\/faktengegenvolksverdummung.de\/author\/k-albrecht\/wp-json\/wp\/v2\/categories?post=218"},{"taxonomy":"post_tag","embeddable":true,"href":"https:\/\/faktengegenvolksverdummung.de\/author\/k-albrecht\/wp-json\/wp\/v2\/tags?post=218"}],"curies":[{"name":"wp","href":"https:\/\/api.w.org\/{rel}","templated":true}]}}