{"id":24,"date":"2012-10-17T00:00:29","date_gmt":"2012-10-16T23:00:29","guid":{"rendered":"http:\/\/blog.rentenreform-alternative.de\/?p=24"},"modified":"2013-07-31T14:54:20","modified_gmt":"2013-07-31T13:54:20","slug":"esm-start-mit-lug-und-trug","status":"publish","type":"post","link":"https:\/\/faktengegenvolksverdummung.de\/author\/k-albrecht\/esm-start-mit-lug-und-trug\/","title":{"rendered":"ESM-Start mit Lug und Trug?"},"content":{"rendered":"<p><em>Ein Dokument der v\u00f6lkerrechtlich verbindliche Erkl\u00e4rung, gem\u00e4\u00df den Ma\u00dfgaben des Bundesverfassungsgerichts zum ESM-Vertrag, unterschrieben von den autorisierten Vertretern der ESM-Mitgliedsl\u00e4nder\u00a0wurde zwar angek\u00fcndigt, ist aber weder im Web noch auf den\u00a0<a href=\"http:\/\/www.bundesregierung.de\/Content\/DE\/Artikel\/2012\/09\/2012-09-12--bundesverfassungsgericht-zu-esm-und-fiskalvertrag.html\" target=\"_blank\">Seiten der Bundesregierung<\/a>\u00a0zu finden. Gibt es ein solches Dokument \u00fcberhaupt?<\/em><\/p>\n<p>In der Pressemitteilung &#8222;Der ESM nimmt seine Arbeit auf&#8220; vom 8.10.12 des Bundesfinanzministeriums hei\u00dft es: <em>&#8222;Am 8. Oktober 2012 sind die 17 Finanzminister des Euro-W\u00e4hrungsgebiets zur konstituierenden Sitzung des ESM-Gouverneursrates zusammengekommen, womit der ESM seine operative Arbeit aufgenommen hat&#8230;&#8220;<br \/>\n<\/em>Weiter im Text heisst es:<em> &#8222;Durch die Unterzeichnung der <strong>entsprechenden Urkunde<\/strong> durch Bundespr\u00e4sident Joachim Gauck und die Hinterlegung der Urkunde beim Ratssekretariat als Depositar des ESM-Vertrags ratifiziert Deutschland als vorletzter Staat des Euroraums den ESM-Vertrag.&#8220;<br \/>\n<\/em>Welche Urkunde genau\u00a0mit <em>&#8222;entsprechende Urkunde&#8220;<\/em> gemeint ist, wird nicht erl\u00e4utert.<br \/>\nIn der Pressemitteilung einschliesslich einer Chronik ist von <em>&#8222;gemeinsamer interpretativer Erkl\u00e4rung&#8220;<\/em> die Rede. Der Inhalt der Erkl\u00e4rung kann zwar der Pressemitteilung des Bundesfinanzministeriums vom 26.9.2012 entnommen werden.<br \/>\n<strong>Ein Dokument, unterschrieben von den autorisierten Vertretern der ESM-Mitgliedsl\u00e4nder<\/strong> wurde zwar angek\u00fcndigt, ist aber weder im Web noch auf den <a href=\"http:\/\/www.bundesregierung.de\/Content\/DE\/Artikel\/2012\/09\/2012-09-12--bundesverfassungsgericht-zu-esm-und-fiskalvertrag.html\" target=\"_blank\">Seiten der Bundesregierung<\/a>, siehe auch <a href=\"http:\/\/www.bundesregierung.de\/Content\/DE\/Artikel\/2012\/09\/2012-09-12--bundesverfassungsgericht-zu-esm-und-fiskalvertrag.html?__site=Meseberg\" target=\"_blank\">hier<\/a>\u00a0oder\u00a0<a href=\"http:\/\/www.bundestag.de\/dokumente\/textarchiv\/2012\/40749410_kw39_de_esm\/index.html\" target=\"_blank\">Bundestag<\/a>, oder\u00a0<a href=\"http:\/\/www.bundesfinanzministerium.de\/Content\/DE\/Standardartikel\/Themen\/Europa\/Stabilisierung_des_Euro\/Finanzhilfemechanismen\/2012-10-08-der-esm-nimmt-seine-arbeit-auf.html\" target=\"_blank\">Bundesfinanzministerium<\/a> zu finden. Gibt es ein solches Dokument \u00fcberhaupt?<br \/>\nOder existiert lediglich eine<strong> &#8222;gemeinsame interpretative Erkl\u00e4rung&#8220; ausschliesslich von deutscher Seite<\/strong>, in Bezug auf das Einvernehmen, dass am Rande der informellen Eurogruppensitzung am 14. September 2012 in Nikosia mit den europ\u00e4ischen Partnern erzielt wurde, mit dem Inhalt der Erkl\u00e4rung, wie in der <a href=\"http:\/\/www.bundesfinanzministerium.de\/Content\/DE\/Pressemitteilungen\/Finanzpolitik\/2012\/09\/2012-09-25-PM57.html\" target=\"_blank\">Pressemitteilung vom 26.9.12 <\/a>siehe unten, aufgef\u00fchrt?<br \/>\nWarum wird das Originaldokument nicht ver\u00f6ffentlicht?<\/p>\n<p><strong>Kl\u00e4rungsbedarf zur Umsetzung der ESM-Auflagen<\/strong> sieht auch Die Linke im Bundestag<br \/>\n<em>&#8222;Wir fragen die Bundesregierung:<br \/>\n1. H\u00e4lt die Bundesregierung eine \u201einterpretative Erkl\u00e4rung\u201c der Finanzminister der Mitgliedsstaaten der Eurozone f\u00fcr eine hinreichende Ma\u00dfnahme, die Anforderungen des Bundesverfassungsgerichts v\u00f6lkerrechtlich sicherzustellen?<br \/>\n2. Gen\u00fcgt eine derartige gemeinsame \u201einterpretative Erkl\u00e4rung\u201c insbesondere, um \u201edeutlich zum Ausdruck zu bringen, dass (die Bundesrepublik Deutschland) an den ESM-Vertrag insgesamt nicht gebunden sein kann, falls sich der von ihr geltend gemachte Vorbehalt als unwirksam erweisen sollte\u201c?<br \/>\n3. Reicht es nach Auffassung der Bundesregierung insbesondere aus, dem Deutschen Bundestag die \u201einterpretative Erkl\u00e4rung\u201c zur Kenntnis zu geben? Ist insofern nicht \u2013 wie bei jeder Vertrags\u00e4nderung \u2013 die Billigung durch Zustimmungsgesetz nach Artikel 59 Absatz 2 des Grundgesetzes erforderlich?<br \/>\n4. Bedarf es bei dem neuen erg\u00e4nzenden Zustimmungsgesetz ebenfalls einer Mehrheit von zwei Dritteln in Bundestag und Bundesrat? &#8230;&#8220;<br \/>\n<\/em>Zur Quelle <a href=\"http:\/\/dip21.bundestag.de\/dip21\/btd\/17\/108\/1710828.pdf\" target=\"_blank\">Bt-Drs17-10828<\/a><\/p>\n<div>\n<div>\n<p><strong>Status der ESM-Ratifizierung: ESM noch nicht in Kraft.\u00a026.9.2012 <\/strong><br \/>\nDie Bundesregierung hat dem Deutschen Bundestag und Bundesrat die gemeinsame Erkl\u00e4rung der ESM-Vertragsstaaten vor der Beschlussfassung vorgelegt und das <strong>Verfahren bis zum Inkrafttreten<\/strong> des ESM-Vertrages erl\u00e4utert.<br \/>\nDie Bundesregierung ist \u00fcberzeugt, <strong>durch die gemeinsame Erkl\u00e4rung den Ma\u00dfgaben des Bundesverfassungsgerichts<\/strong> umfassend Rechnung zu tragen und so den ESM-Vertrag <strong>baldm\u00f6glichst<\/strong> in Kraft setzen zu k\u00f6nnen.<br \/>\nAm Rande der informellen Eurogruppensitzung <strong>am 14. September 2012 in Nikosia wurde mit den europ\u00e4ischen Partnern Einvernehmen dar\u00fcber erzielt, dass alle die gleiche Interpretation des ESM-Vertrags teilen und dies in einer verbindlichen gemeinsamen interpretativen Erkl\u00e4rung<\/strong> nochmals <strong>dokumentieren wollen<\/strong>.<br \/>\nDie v\u00f6lkerrechtliche Umsetzung der Klarstellung <strong>soll nun<\/strong> durch eine gemeinsame interpretative Erkl\u00e4rung aller ESM-Vertragsstaaten erfolgen. Damit schaffen die ESM-Vertragsstaaten die vom Gericht geforderte Auslegungsklarheit. Mit der Erkl\u00e4rung wird der ESM-Vertrag nicht ge\u00e4ndert und es werden keine neuen Ratifizierungserfordernisse ausgel\u00f6st.<br \/>\nDie gemeinsame Erkl\u00e4rung der ESM-Vertragsstaaten <strong>wird nach Annahme<\/strong> durch die Botschafter der ESM-Vertragsstaaten und Hinterlegung beim Ratssekretariat v\u00f6lkerrechtlich verbindlich. <strong>Erst wenn <\/strong>die gemeinsame Erkl\u00e4rung der ESM-Vertragsstaaten hinterlegt ist, wird die Bundesrepublik den Ratifizierungsprozess durch Hinterlegung der vom Bundespr\u00e4sidenten unterzeichneten Ratifikationsurkunde unter Bezugnahme auf die gemeinsame Erkl\u00e4rung<strong> abschlie\u00dfen<\/strong>.<br \/>\nQuelle: <a href=\"http:\/\/www.bundesfinanzministerium.de\/Content\/DE\/Pressemitteilungen\/Finanzpolitik\/2012\/09\/2012-09-25-PM57.html\" target=\"_blank\">Pressemitteilung des Bundesfinanzministeriums vom 26.9.2012<\/a><\/p>\n<p><!-- google_ad_section_end --><\/p>\n<\/div>\n<\/div>\n","protected":false},"excerpt":{"rendered":"<p>Ein Dokument der v\u00f6lkerrechtlich verbindliche Erkl\u00e4rung, gem\u00e4\u00df den Ma\u00dfgaben des Bundesverfassungsgerichts zum ESM-Vertrag, unterschrieben von den autorisierten Vertretern der ESM-Mitgliedsl\u00e4nder\u00a0wurde zwar angek\u00fcndigt, ist aber weder im Web noch auf den\u00a0Seiten der Bundesregierung\u00a0zu finden. Gibt es ein solches Dokument \u00fcberhaupt? In &hellip; <a href=\"https:\/\/faktengegenvolksverdummung.de\/author\/k-albrecht\/esm-start-mit-lug-und-trug\/\">Weiterlesen <span class=\"meta-nav\">&rarr;<\/span><\/a><\/p>\n","protected":false},"author":2,"featured_media":0,"comment_status":"open","ping_status":"open","sticky":true,"template":"","format":"standard","meta":{"footnotes":""},"categories":[1,3,81,13],"tags":[92,7,86,5,94,8],"class_list":["post-24","post","type-post","status-publish","format-standard","hentry","category-allgemein","category-esm","category-eu-schuldenkrise","category-merkel","tag-esm-auflagen","tag-esm-ratifizierung","tag-esm-vertrag","tag-gauck","tag-ratifikationsurkunde","tag-verfassungsgericht-auflagen"],"_links":{"self":[{"href":"https:\/\/faktengegenvolksverdummung.de\/author\/k-albrecht\/wp-json\/wp\/v2\/posts\/24","targetHints":{"allow":["GET"]}}],"collection":[{"href":"https:\/\/faktengegenvolksverdummung.de\/author\/k-albrecht\/wp-json\/wp\/v2\/posts"}],"about":[{"href":"https:\/\/faktengegenvolksverdummung.de\/author\/k-albrecht\/wp-json\/wp\/v2\/types\/post"}],"author":[{"embeddable":true,"href":"https:\/\/faktengegenvolksverdummung.de\/author\/k-albrecht\/wp-json\/wp\/v2\/users\/2"}],"replies":[{"embeddable":true,"href":"https:\/\/faktengegenvolksverdummung.de\/author\/k-albrecht\/wp-json\/wp\/v2\/comments?post=24"}],"version-history":[{"count":14,"href":"https:\/\/faktengegenvolksverdummung.de\/author\/k-albrecht\/wp-json\/wp\/v2\/posts\/24\/revisions"}],"predecessor-version":[{"id":29,"href":"https:\/\/faktengegenvolksverdummung.de\/author\/k-albrecht\/wp-json\/wp\/v2\/posts\/24\/revisions\/29"}],"wp:attachment":[{"href":"https:\/\/faktengegenvolksverdummung.de\/author\/k-albrecht\/wp-json\/wp\/v2\/media?parent=24"}],"wp:term":[{"taxonomy":"category","embeddable":true,"href":"https:\/\/faktengegenvolksverdummung.de\/author\/k-albrecht\/wp-json\/wp\/v2\/categories?post=24"},{"taxonomy":"post_tag","embeddable":true,"href":"https:\/\/faktengegenvolksverdummung.de\/author\/k-albrecht\/wp-json\/wp\/v2\/tags?post=24"}],"curies":[{"name":"wp","href":"https:\/\/api.w.org\/{rel}","templated":true}]}}