{"id":255,"date":"2014-01-15T11:39:59","date_gmt":"2014-01-15T10:39:59","guid":{"rendered":"http:\/\/blog.rentenreform-alternative.de\/?p=255"},"modified":"2014-01-15T15:53:27","modified_gmt":"2014-01-15T14:53:27","slug":"rentenversicherung-grv-fuer-alle","status":"publish","type":"post","link":"https:\/\/faktengegenvolksverdummung.de\/author\/k-albrecht\/rentenversicherung-grv-fuer-alle\/","title":{"rendered":"Rentenreform &#8222;GRV f\u00fcr alle&#8220;"},"content":{"rendered":"<p>Nicht wenige Zeitgenossen begr\u00fcnden Ihre Kritik an der Gesetzlichen Rentenversicherung (GRV) prim\u00e4r mit der Demografie. Sie \u00fcbernehmen damit das Scheinargument unserer Politiker. Aber es ist die Politik von Merkel \u00fcber Schr\u00f6der bis Kohl, die die GRV seit vielen Jahren mit sogenannten Reformen demontiert, zum Nachteil der Versicherten (jung wie alt).<br \/>\nBei dem Thema Demografie in Bezug auf die k\u00fcnftige Alterssicherung werden ganz wesentliche Einfl\u00fcsse unterschlagen: Die steigende Wirtschafts-Produktivit\u00e4t einerseits. Jedoch einhergehend mit der <a href=\"http:\/\/www.zukunft--der--arbeit.de\/zda.htm#Kap.2\" target=\"_blank\">schwindenden Teilhabe<\/a> fast aller Besch\u00e4ftigten an den Produktivit\u00e4tsgewinnen in Form von angemessenen L\u00f6hnen und entsprechenden Arbeitspl\u00e4tzen. Das ist das Finanzierungs-Hauptproblem unserer sozialen Sicherung insgesamt, besonders der GRV. Das betrifft auch die Altersbez\u00fcge von Beamten und Politikern, die <a title=\"Wer Deutschland finanziert\" href=\"http:\/\/www.zukunft--der--arbeit.de\/zda.htm#Wer\" target=\"_blank\">wesentlich<\/a> aus Steuerzahlungen der \u00fcber f\u00fcnfzig Millionen Beitragszahler und Rentner der GRV finanziert werden.<\/p>\n<p>Wenn es nur an der Zahl der Kinder l\u00e4ge, m\u00fcssten in den L\u00e4ndern mit hoher Kinderzahl geradezu paradiesische Zust\u00e4nde, besonders in der Alterssicherung, herrschen. Wie jedermann wei\u00df, ist das Gegenteil der Fall. Es sind die \u00e4rmsten L\u00e4nder der Welt. Entscheidend f\u00fcr das Funktionieren unserer sozialen Sicherung ist nicht wie viele Kinder wir haben, sondern dass auch alle Menschen eine sozialversicherungspflichtige Besch\u00e4ftigung mit angemessenen L\u00f6hnen haben und daraus (einschlie\u00dflich des AG-Anteils) entsprechend hohe Sozialversicherungsbeitr\u00e4ge zahlen. Im \u00fcbrigen ist die Umlagefinanzierung unserer Gesetzlichen Rentenversicherung jeder kapitalfinanzierten Alterssicherung \u00fcberlegen, wie es derzeit Millionen Menschen aufgrund der riesigen Finanzverluste (Finanzmarktkrise und nachfolgende EU-Verschuldungskrise) wieder am eigenen Leib erfahren.<\/p>\n<p>Wer Kinderlosen in der GRV den vollen Rentenanspruch verweigert, unterschl\u00e4gt, dass alle Rentenversicherten, ob jung oder alt, ihren gesetzlich verb\u00fcrgten vollen Rentenanspruch aufgrund eigener Beitragsleistungen selbst finanziert haben. Wie absurd diese Rentenverweigerungs-Argumentation gegen\u00fcber Kinderlosen ist, wird in ihrer vollst\u00e4ndigen Konsequenz offensichtlich: Allen Versicherten, deren Kinder nicht oder kaum in die GRV einzahlen, also Kinder die Beamte, \u00c4rzte (eben alle berufsst\u00e4ndisch Versicherten), Politiker, Arbeitslose oder Geringverdiener sind, all diesen Versicherten m\u00fcsste ebenfalls die Rente verweigert oder entsprechend gek\u00fcrzt werden. Denn diese Kinder zahlen auch nichts in die Rentenkasse ein. Das gilt nat\u00fcrlich auch f\u00fcr jene, deren Kinder im Ausland ihr Brot verdienen und auch nichts mehr in die GRV einzahlen&#8230;<br \/>\nAuch aus diesen Gr\u00fcnden ist eine <a title=\"Die Rentenreform-Alternative\" href=\"http:\/\/www.rentenreform-alternative.de\/alternative.htm\" target=\"_blank\">&#8222;GRV f\u00fcr alle&#8220;<\/a> zwingend geboten.<\/p>\n<p>Leider eine sehr komplexe Thematik, die nicht in einem einzelnen Beitrag ersch\u00f6pfend dargestellt werden kann. Hilfreich hierzu sind die Webseiten:<br \/>\n&#8222;<a title=\"Sicherheit im Alter\" href=\"http:\/\/www.rentenreform-alternative.de\" target=\"_blank\">Rentenreform-Alternative<\/a>&#8220;<br \/>\nund &#8222;<a href=\"http:\/\/www.zukunft--der--arbeit.de\/\" target=\"_blank\">Zukunft der Arbeit<\/a>&#8220;<br \/>\nAls Schnelleinstieg bietet sich die &#8222;<a href=\"http:\/\/www.zukunft--der--arbeit.de\/zda-zusammenfassung.pdf\" target=\"_blank\">Zusammenfassung von Zukunft der Arbeit<\/a>&#8220; an.<br \/>\n.<\/p>\n","protected":false},"excerpt":{"rendered":"<p>Nicht wenige Zeitgenossen begr\u00fcnden Ihre Kritik an der Gesetzlichen Rentenversicherung (GRV) prim\u00e4r mit der Demografie. Sie \u00fcbernehmen damit das Scheinargument unserer Politiker. Aber es ist die Politik von Merkel \u00fcber Schr\u00f6der bis Kohl, die die GRV seit vielen Jahren mit &hellip; <a href=\"https:\/\/faktengegenvolksverdummung.de\/author\/k-albrecht\/rentenversicherung-grv-fuer-alle\/\">Weiterlesen <span class=\"meta-nav\">&rarr;<\/span><\/a><\/p>\n","protected":false},"author":2,"featured_media":0,"comment_status":"open","ping_status":"closed","sticky":true,"template":"","format":"standard","meta":{"footnotes":""},"categories":[1,216,214,215,13,24,49,48],"tags":[],"class_list":["post-255","post","type-post","status-publish","format-standard","hentry","category-allgemein","category-altersarmut-vermeiden","category-alterssicherung","category-altersvorsorge","category-merkel","category-rentenversicherung","category-sozialabbau","category-umverteilungspolitik"],"_links":{"self":[{"href":"https:\/\/faktengegenvolksverdummung.de\/author\/k-albrecht\/wp-json\/wp\/v2\/posts\/255","targetHints":{"allow":["GET"]}}],"collection":[{"href":"https:\/\/faktengegenvolksverdummung.de\/author\/k-albrecht\/wp-json\/wp\/v2\/posts"}],"about":[{"href":"https:\/\/faktengegenvolksverdummung.de\/author\/k-albrecht\/wp-json\/wp\/v2\/types\/post"}],"author":[{"embeddable":true,"href":"https:\/\/faktengegenvolksverdummung.de\/author\/k-albrecht\/wp-json\/wp\/v2\/users\/2"}],"replies":[{"embeddable":true,"href":"https:\/\/faktengegenvolksverdummung.de\/author\/k-albrecht\/wp-json\/wp\/v2\/comments?post=255"}],"version-history":[{"count":4,"href":"https:\/\/faktengegenvolksverdummung.de\/author\/k-albrecht\/wp-json\/wp\/v2\/posts\/255\/revisions"}],"predecessor-version":[{"id":259,"href":"https:\/\/faktengegenvolksverdummung.de\/author\/k-albrecht\/wp-json\/wp\/v2\/posts\/255\/revisions\/259"}],"wp:attachment":[{"href":"https:\/\/faktengegenvolksverdummung.de\/author\/k-albrecht\/wp-json\/wp\/v2\/media?parent=255"}],"wp:term":[{"taxonomy":"category","embeddable":true,"href":"https:\/\/faktengegenvolksverdummung.de\/author\/k-albrecht\/wp-json\/wp\/v2\/categories?post=255"},{"taxonomy":"post_tag","embeddable":true,"href":"https:\/\/faktengegenvolksverdummung.de\/author\/k-albrecht\/wp-json\/wp\/v2\/tags?post=255"}],"curies":[{"name":"wp","href":"https:\/\/api.w.org\/{rel}","templated":true}]}}