{"id":261,"date":"2014-01-30T16:45:29","date_gmt":"2014-01-30T15:45:29","guid":{"rendered":"http:\/\/blog.rentenreform-alternative.de\/?p=261"},"modified":"2016-05-24T14:30:10","modified_gmt":"2016-05-24T13:30:10","slug":"strafanzeige-gegen-von-der-leyen","status":"publish","type":"post","link":"https:\/\/faktengegenvolksverdummung.de\/author\/k-albrecht\/strafanzeige-gegen-von-der-leyen\/","title":{"rendered":"Strafanzeige gegen von der Leyen"},"content":{"rendered":"<p>Strafanzeige gegen BMAS von der Leyen wegen falscher Berichterstattung im Rentenversicherungsbericht 2013.<br \/>\n<strong>Aus der BRR-Pressemitteilung vom 28.01.2014:<\/strong><br \/>\nDas <a title=\"Strafanzeige gegen von der Leyen\" href=\"http:\/\/www.houseofobjects.de\/FotoPage\/pages\/Praesentationsdaten\/2004\/pm_strafanzeige_2014_dokumentverweis.pdf\" target=\"_blank\">B\u00fcndnis f\u00fcr Rentenbeitragszahler und Rentner e.V.<\/a> hat <strong>Strafanzeige<\/strong> bei der Staatsanwaltschaft Berlin erstattet, wegen falscher Berichterstattung des Bundesministeriums f\u00fcr Arbeit und Soziales im <strong>Rentenversicherungsbericht 2013<\/strong> (Berichtsjahr 2012).<br \/>\nDie Anzeige verweist auf <strong>folgende Rechtsverst\u00f6\u00dfe:<\/strong><br \/>\n1. Bei den Ausgaben der gesetzlichen Rentenversicherung werden die \u201enicht beitragsgedeckten Leistungen\u201c in H\u00f6he von 30,51% nicht ausgewiesen und den Rentenausgaben zugeschlagen. Dadurch werden Rentenausgaben von 89,76% ausgewiesen die es in dieser H\u00f6he nicht gibt. Die tats\u00e4chlichen Rentenausgaben liegen bei 59,22%. Bundestag, Bundesrat und die \u00d6ffentlichkeit wurden somit falsch \u00fcber die Rentenausgaben informiert.<br \/>\n2. Bei den Einnahmen der gesetzlichen Rentenversicherung werden die Steuergelder als Bundeszusch\u00fcsse ausgewiesen. Zusch\u00fcsse stehen f\u00fcr einen leistungslosen Geldbetrag. Den Steuergeldern stehen jedoch \u201enicht beitragsgedeckte Leistungen\u201c gegen\u00fcber, welche der Gesetzgeber vorgibt zu erbringen, die aber nicht zum Kerngesch\u00e4ft der gesetzlichen Rentenversicherung geh\u00f6ren. Damit m\u00fcssen die Steuergelder, aus Gr\u00fcnden der Wahrheit und Klarheit, als Erstattungsbetr\u00e4ge ausgewiesen werden. Bundestag, Bundesrat und die \u00d6ffentlichkeit wurden somit falsch \u00fcber die Renteneinnahmen\u00a0informiert.<br \/>\n<strong>Die Anzeige verweist auf mehrere strafrechtlich relevante Punkte und kann auf der BRR-Homepage eingesehen werden.<\/strong><br \/>\nWeitere Informationen erhalten Sie auf unserer <a title=\"B\u00fcndnis f\u00fcr Rentenbeitragszahler und Rentner e.V.\" href=\"http:\/\/www.houseofobjects.de\/FotoPage\/beitragszahler-rentner.jsp\" target=\"_blank\">Homepage<\/a>\u00a0 oder unter Telefon 0711-774883, oder Email eicher@beitragszahler-rentner.de<\/p>\n<p>Mehr Informationen zu <a href=\"http:\/\/www.rentenreform-alternative.de\/versichfremd.htm\" target=\"_blank\">versicherungsfremde Leistungen<\/a> und was bei der gesetzlichen Rentenversicherung und bisherigen &#8222;Reformen&#8220; <a title=\"Rentenreform Alternative - GRV f\u00fcr Alle\" href=\":\/\/www.rentenreform-alternative.de\/index2.htm\" target=\"_blank\">falsch l\u00e4uft und korrigiert<\/a> werden muss.<\/p>\n<p>.<\/p>\n","protected":false},"excerpt":{"rendered":"<p>Strafanzeige gegen BMAS von der Leyen wegen falscher Berichterstattung im Rentenversicherungsbericht 2013. Aus der BRR-Pressemitteilung vom 28.01.2014: Das B\u00fcndnis f\u00fcr Rentenbeitragszahler und Rentner e.V. hat Strafanzeige bei der Staatsanwaltschaft Berlin erstattet, wegen falscher Berichterstattung des Bundesministeriums f\u00fcr Arbeit und Soziales &hellip; <a href=\"https:\/\/faktengegenvolksverdummung.de\/author\/k-albrecht\/strafanzeige-gegen-von-der-leyen\/\">Weiterlesen <span class=\"meta-nav\">&rarr;<\/span><\/a><\/p>\n","protected":false},"author":2,"featured_media":0,"comment_status":"open","ping_status":"closed","sticky":true,"template":"","format":"standard","meta":{"footnotes":""},"categories":[1,214,24,39],"tags":[190,27,217],"class_list":["post-261","post","type-post","status-publish","format-standard","hentry","category-allgemein","category-alterssicherung","category-rentenversicherung","category-versicherungsfremde-oder-nicht-beitragsgedeckte-leistungen","tag-merkels-griffe-in-die-rentenkasse","tag-milliarden-aus-der-rentenkasse","tag-von-der-leyen"],"_links":{"self":[{"href":"https:\/\/faktengegenvolksverdummung.de\/author\/k-albrecht\/wp-json\/wp\/v2\/posts\/261","targetHints":{"allow":["GET"]}}],"collection":[{"href":"https:\/\/faktengegenvolksverdummung.de\/author\/k-albrecht\/wp-json\/wp\/v2\/posts"}],"about":[{"href":"https:\/\/faktengegenvolksverdummung.de\/author\/k-albrecht\/wp-json\/wp\/v2\/types\/post"}],"author":[{"embeddable":true,"href":"https:\/\/faktengegenvolksverdummung.de\/author\/k-albrecht\/wp-json\/wp\/v2\/users\/2"}],"replies":[{"embeddable":true,"href":"https:\/\/faktengegenvolksverdummung.de\/author\/k-albrecht\/wp-json\/wp\/v2\/comments?post=261"}],"version-history":[{"count":9,"href":"https:\/\/faktengegenvolksverdummung.de\/author\/k-albrecht\/wp-json\/wp\/v2\/posts\/261\/revisions"}],"predecessor-version":[{"id":802,"href":"https:\/\/faktengegenvolksverdummung.de\/author\/k-albrecht\/wp-json\/wp\/v2\/posts\/261\/revisions\/802"}],"wp:attachment":[{"href":"https:\/\/faktengegenvolksverdummung.de\/author\/k-albrecht\/wp-json\/wp\/v2\/media?parent=261"}],"wp:term":[{"taxonomy":"category","embeddable":true,"href":"https:\/\/faktengegenvolksverdummung.de\/author\/k-albrecht\/wp-json\/wp\/v2\/categories?post=261"},{"taxonomy":"post_tag","embeddable":true,"href":"https:\/\/faktengegenvolksverdummung.de\/author\/k-albrecht\/wp-json\/wp\/v2\/tags?post=261"}],"curies":[{"name":"wp","href":"https:\/\/api.w.org\/{rel}","templated":true}]}}