{"id":415,"date":"2014-07-21T13:52:11","date_gmt":"2014-07-21T12:52:11","guid":{"rendered":"http:\/\/blog.rentenreform-alternative.de\/?p=415"},"modified":"2016-06-22T15:07:39","modified_gmt":"2016-06-22T14:07:39","slug":"fachkraeftemangel-maerchen","status":"publish","type":"post","link":"https:\/\/faktengegenvolksverdummung.de\/author\/k-albrecht\/fachkraeftemangel-maerchen\/","title":{"rendered":"Fachkr\u00e4ftemangel-M\u00e4rchen"},"content":{"rendered":"<p>Der von Wirtschaft und einvernehmlicher Politik seit Jahren beschworene Fachkr\u00e4ftemangel steht im Widerspruch zur Realit\u00e4t auch des Jahres 2014: Millionenfache Arbeitslosigkeit und prek\u00e4re Besch\u00e4ftigung von der auch viele hochqualifizierte Fachkr\u00e4fte, Ingenieure und andere MINT-Berufe betroffen sind. Anzeichen f\u00fcr einen Fachkr\u00e4ftemangel k\u00f6nnen z. B. \u00fcberdurchschnittliche Gehaltsentwicklungen einer Fachrichtung sein. In der marktwirtschaftlichen Praxis liegen diese Anzeichen regelm\u00e4\u00dfig nicht vor. Im Gegensatz zum fast t\u00e4glichen Medien-Bombardement von &#8222;Jobwunder&#8220; und &#8222;Fachkr\u00e4ftemangel&#8220; werden nachstehend Berichte und Studien angef\u00fchrt, die mit Fakten belegt das Fazit ziehen:<\/p>\n<p style=\"text-align: center;\"><strong>&#8222;Es gibt in Deutschland keinen generellen Fachkr\u00e4ftemangel&#8220;<\/strong><\/p>\n<p>Der Mehrzahl der Berichte, Studien und Analysen zum Fachkr\u00e4ftemangel sind oft drei Auff\u00e4lligkeiten gemein:<br \/>\n1. Fachkr\u00e4ftemangel wird f\u00fcr die Zukunft prognostiziert, dann aber als aktuelles Problem behandelt.<br \/>\n2. Die Prognosen st\u00fctzen sich schlicht auf den demografischen Wandel mit der schon fast selbstverst\u00e4ndlich scheinenden Unterstellung, dass damit Arbeitskr\u00e4ftemangel und resultierend Fachkr\u00e4ftemangel zwangsl\u00e4ufig sei.<br \/>\n3. Die Tatsache auch zuk\u00fcnftig fortschreitender Produktivit\u00e4tssteigerung mit weiter steigender Verdr\u00e4ngung menschlicher Erwerbst\u00e4tigkeit durch Automatisierung und elektronische Datenverarbeitung, d.h. auch k\u00fcnftig zunehmende Arbeitslosigkeit wird in solchen Arbeiten unzul\u00e4ssigerweise schlicht ignoriert.<br \/>\nEbenfalls ignoriert wird der Einwand vieler Fachleute und Wissenschaftler: Langfristige Prognosen schliessen eindeutige Ergebnisse aus, da zahlreiche Randbedingungen nicht zuverl\u00e4ssig bestimmt werden k\u00f6nnen. Deshalb l\u00e4sst sich auch keine alternativlose Schlussfolgerung ziehen, wie vielfach praktiziert, nur auf Arbeitsmigration von Fachkr\u00e4ften zu setzen.<\/p>\n<p>Der von Wirtschaft und einvernehmlicher Politik behauptete Fachkr\u00e4ftemangel wird im ARD-Arbeitsmarktreport mit vielen Beispielen klar widerlegt.<br \/>\nDa wird haarstr\u00e4ubendes aufgedeckt, z.B. Minute 4: Die Bundesagentur f\u00fcr Arbeit nennt es Mangel, wenn auf eine Stelle 3 Jobsucher kommen. Oder auf 100 Stellen weniger als 300 passende Bewerber &#8230; Schauen Sie selbst!<\/p>\n<p><em><strong>&#8222;Arbeitsmarktreport &#8211; Das M\u00e4rchen vom Fachkr\u00e4ftemangel&#8220;<br \/>\n<\/strong>Film im Ersten von Ulrike Bremer, Das Erste:\u00a0Mo, 21.07.14, 22:45 Uhr<strong> \u00a0<\/strong><\/em><br \/>\n<em> Tats\u00e4chlich kommen derzeit sechs passende Bewerber auf ein Jobangebot. &#8230;<\/em><br \/>\n<em> Am Ende entpuppt sich der behauptete Fachkr\u00e4ftemangel als Strategie, um mit einem \u00dcberangebot an Fachkr\u00e4ften trotz anziehender Konjunktur geringere L\u00f6hne zahlen zu k\u00f6nnen.<\/em><br \/>\n<a title=\"\u201cArbeitsmarktreport \u2013 Das M\u00e4rchen vom Fachkr\u00e4ftemangel\u201d\" href=\"http:\/\/www.ardmediathek.de\/tv\/Reportage-Dokumentation\/Der-Arbeitsmarktreport-das-M%C3%A4rchen-vom\/Das-Erste\/Video?documentId=22510396&amp;bcastId=799280\" target=\"_blank\">ARD Mediathek &#8211; Video<\/a>\u00a0 \u00a0 <strong><a title=\"\u201cArbeitsmarktreport \u2013 Das M\u00e4rchen vom Fachkr\u00e4ftemangel\u201d\" href=\"https:\/\/www.youtube.com\/watch?v=BArmrsK_EEEE\" target=\"_blank\">Video auf YouTube<\/a><\/strong> \u00a0 erg\u00e4nzt am 25.8.2014<\/p>\n<p>Siehe auch<br \/>\n<a href=\"http:\/\/www.daserste.de\/information\/politik-weltgeschehen\/report-mainz\/videosextern\/online-exklusiv-zuwanderung-von-hochqualifizierten-102.html\" target=\"_blank\">Informatiker beim Br\u00f6tchen ausfahren, Akademiker bei Mc&#8230;<\/a>\u00a0video<br \/>\n<a title=\"Zukunft der Arbeit\" href=\"http:\/\/www.zukunft--der--arbeit.de\/fachkraeftemangel.htm\" target=\"_blank\">Fachkr\u00e4ftemangel trotz Massenarbeitslosigkeit?<\/a><br \/>\n<a href=\"http:\/\/www.zukunft--der--arbeit.de\" target=\"_blank\">Zukunft der Arbeit<\/a><\/p>\n","protected":false},"excerpt":{"rendered":"<p>Der von Wirtschaft und einvernehmlicher Politik seit Jahren beschworene Fachkr\u00e4ftemangel steht im Widerspruch zur Realit\u00e4t auch des Jahres 2014: Millionenfache Arbeitslosigkeit und prek\u00e4re Besch\u00e4ftigung von der auch viele hochqualifizierte Fachkr\u00e4fte, Ingenieure und andere MINT-Berufe betroffen sind. Anzeichen f\u00fcr einen Fachkr\u00e4ftemangel &hellip; <a href=\"https:\/\/faktengegenvolksverdummung.de\/author\/k-albrecht\/fachkraeftemangel-maerchen\/\">Weiterlesen <span class=\"meta-nav\">&rarr;<\/span><\/a><\/p>\n","protected":false},"author":2,"featured_media":0,"comment_status":"open","ping_status":"closed","sticky":true,"template":"","format":"standard","meta":{"footnotes":""},"categories":[1,179],"tags":[328,289,226,290],"class_list":["post-415","post","type-post","status-publish","format-standard","hentry","category-allgemein","category-arbeitslosigkeit","tag-arbeitslosigkeit","tag-fachkraeftemangel","tag-fachkraeftemangel-maerchen","tag-massenarbeitslosigkeit"],"_links":{"self":[{"href":"https:\/\/faktengegenvolksverdummung.de\/author\/k-albrecht\/wp-json\/wp\/v2\/posts\/415","targetHints":{"allow":["GET"]}}],"collection":[{"href":"https:\/\/faktengegenvolksverdummung.de\/author\/k-albrecht\/wp-json\/wp\/v2\/posts"}],"about":[{"href":"https:\/\/faktengegenvolksverdummung.de\/author\/k-albrecht\/wp-json\/wp\/v2\/types\/post"}],"author":[{"embeddable":true,"href":"https:\/\/faktengegenvolksverdummung.de\/author\/k-albrecht\/wp-json\/wp\/v2\/users\/2"}],"replies":[{"embeddable":true,"href":"https:\/\/faktengegenvolksverdummung.de\/author\/k-albrecht\/wp-json\/wp\/v2\/comments?post=415"}],"version-history":[{"count":7,"href":"https:\/\/faktengegenvolksverdummung.de\/author\/k-albrecht\/wp-json\/wp\/v2\/posts\/415\/revisions"}],"predecessor-version":[{"id":883,"href":"https:\/\/faktengegenvolksverdummung.de\/author\/k-albrecht\/wp-json\/wp\/v2\/posts\/415\/revisions\/883"}],"wp:attachment":[{"href":"https:\/\/faktengegenvolksverdummung.de\/author\/k-albrecht\/wp-json\/wp\/v2\/media?parent=415"}],"wp:term":[{"taxonomy":"category","embeddable":true,"href":"https:\/\/faktengegenvolksverdummung.de\/author\/k-albrecht\/wp-json\/wp\/v2\/categories?post=415"},{"taxonomy":"post_tag","embeddable":true,"href":"https:\/\/faktengegenvolksverdummung.de\/author\/k-albrecht\/wp-json\/wp\/v2\/tags?post=415"}],"curies":[{"name":"wp","href":"https:\/\/api.w.org\/{rel}","templated":true}]}}