{"id":60,"date":"2011-11-22T00:00:39","date_gmt":"2011-11-21T23:00:39","guid":{"rendered":"http:\/\/blog.rentenreform-alternative.de\/?p=60"},"modified":"2016-06-01T15:07:35","modified_gmt":"2016-06-01T14:07:35","slug":"verfassungsschutz-uber-zehn-jahre-klagliche-pannen","status":"publish","type":"post","link":"https:\/\/faktengegenvolksverdummung.de\/author\/k-albrecht\/verfassungsschutz-uber-zehn-jahre-klagliche-pannen\/","title":{"rendered":"Verfassungsschutz: \u00dcber zehn Jahre kl\u00e4gliche Pannen?"},"content":{"rendered":"<p>Seit \u00fcber 10 Jahren &#8222;kl\u00e4gliche Pannen&#8220; des Verfassungsschutzes. Aber auch Polizei- und Justizbeh\u00f6rden legen bei rechtsextremen Gewalttaten teilweise eine merkw\u00fcrdige Zur\u00fcckhaltung an den Tag. Nach Recherchen des <a title=\"An wie vielen Morden tr\u00e4gt der rechte Terror schuld?  19.11.11\" href=\"http:\/\/www.tagesspiegel.de\/politik\/rechtsextremismus\/versandete-spuren-an-wie-vielen-morden-traegt-der-rechte-terror-schuld\/5867022.html%20\" target=\"_blank\">Tagesspiegels<\/a> starben seit der Wiedervereinigung 138 Menschen durch rechte Gewalt \u2013 die Bundesregierung beharrt bis heute auf 48 Opfern. Oft wurde der politische Hintergrund nicht gr\u00fcndlich ermittelt&#8230;\u00a0\u00a0<a href=\"http:\/\/www.tagesspiegel.de\/politik\/rechtsextremismus\/an-wie-vielen-morden-traegt-der-rechte-terror-schuld\/5867022.html\" target=\"_blank\">\u00a0 <\/a><\/p>\n<p>Parlamentarische Anfragen, Pressemitteilungen, Hintergrundinformationen der <a title=\"Parlamentarische Anfragen, Pressemitteilungen, Hintergrundinformationen\" href=\"http:\/\/www.die-linke-thl.de\/nc\/themen\/themen_a_z\/i_o\/nazi_terror\/\" target=\"_blank\">Fraktion Linke im Th\u00fcringer Landtag<\/a> zum aktuellen Nazi-Terror, den Morden an zehn Menschen, der Einbindung der Gruppe in die Neonazi-Netzwerke fr\u00fcher und heute sowie der m\u00f6glichen Verstrickung des (Th\u00fcringer) Verfassungsschutzes &#8230;<\/p>\n<p><strong>Wer glaubt, es handele sich nur um &#8222;Pannen und Vers\u00e4umnisse&#8220;, glaubt wohl auch an den Weihnachtsmann.<\/strong><br \/>\nR\u00fcckhaltlose Aufkl\u00e4rung ist angesagt, um die notwendigen Konsequenzen ziehen zu k\u00f6nnen. Verfassungsschutz reformieren oder besser ganz aufl\u00f6sen?<br \/>\nZwei Beitr\u00e4ge zur Meinungsbildung:<\/p>\n<div>\n<div>\n<p><strong>Der Verfassungsschutz muss aufgel\u00f6st werden<br \/>\n<\/strong>Von Ulrich Rippert WSWS, 18. November 2011. Seit dem 4. November ist bekannt, dass eine Gruppe von Neonazis aus Jena 13 Jahre lang einen blutigen, rassistischen Feldzug gegen Ausl\u00e4nder f\u00fchrte, dabei mindestens zehn Menschen kaltbl\u00fctig ermordete und eine Vielzahl von bewaffneten Bank\u00fcberf\u00e4llen ver\u00fcbte. Noch liegt vieles im Dunkeln. T\u00e4glich gelangen neue Erkenntnisse ans Licht. Doch eines zeigen die bisher bekannten Fakten bereits: Die Sicherheitsbeh\u00f6rden haben nicht einfach \u201eversagt\u201c; sie waren aktiv am Aufbau der rechtsradikalen Strukturen beteiligt, aus denen die Jenaer Terrorgruppe hervor wuchs; sie haben die \u00fcberw\u00e4ltigenden Indizien f\u00fcr einen rassistischen Hintergrund der sogenannten \u201eD\u00f6ner\u201c-Morde gezielt ignoriert&#8230;\u00a0 \u00a0<a href=\"http:\/\/www.wsws.org\/de\/2011\/nov2011\/pers-n18.shtml\" target=\"_blank\">Zum vollst\u00e4ndigen Bericht <\/a><\/p>\n<p><strong>Der Verfassungsschutz wird zu hart kritisiert<br \/>\n<\/strong>Von Frank Jansen\u00a0 17.11.2011, Tagesspiegel. Die Frage, wie der braune Terror 13 Jahre lang scheinbar ungest\u00f6rt eine Blutspur durch die Republik ziehen konnte, hat zu Kritik am Verfassungsschutz gef\u00fchrt. Doch wer sonst soll in die fanatischen Milieus hineinblicken? &#8230;\u00a0 Obwohl, wie sich nun herausstellt, Polizei und Verfassungsschutz mehr h\u00e4tten wissen und vielleicht schwere Taten h\u00e4tten verhindern k\u00f6nnen. Die Frage, wie das m\u00f6glich war, der braune Terror und die ungen\u00fcgende Reaktion der Beh\u00f6rden, m\u00fcndet in diesen Tagen vor allem in Kritik am Verfassungsschutz&#8230; \u00a0 Ohne die 17 Beh\u00f6rden des Verfassungsschutzes w\u00e4re die innere Sicherheit Deutschlands erheblich st\u00e4rker durch Extremisten und Terroristen gef\u00e4hrdet &#8230;\u00a0\u00a0 <a href=\"http:\/\/www.tagesspiegel.de\/meinung\/der-verfassungsschutz-wird-zu-hart-kritisiert\/5855318.html\" target=\"_blank\">Zum vollst\u00e4ndigen Bericht <\/a><\/p>\n<\/div>\n<\/div>\n","protected":false},"excerpt":{"rendered":"<p>Seit \u00fcber 10 Jahren &#8222;kl\u00e4gliche Pannen&#8220; des Verfassungsschutzes. Aber auch Polizei- und Justizbeh\u00f6rden legen bei rechtsextremen Gewalttaten teilweise eine merkw\u00fcrdige Zur\u00fcckhaltung an den Tag. Nach Recherchen des Tagesspiegels starben seit der Wiedervereinigung 138 Menschen durch rechte Gewalt \u2013 die Bundesregierung &hellip; <a href=\"https:\/\/faktengegenvolksverdummung.de\/author\/k-albrecht\/verfassungsschutz-uber-zehn-jahre-klagliche-pannen\/\">Weiterlesen <span class=\"meta-nav\">&rarr;<\/span><\/a><\/p>\n","protected":false},"author":2,"featured_media":0,"comment_status":"open","ping_status":"open","sticky":true,"template":"","format":"standard","meta":{"footnotes":""},"categories":[1],"tags":[],"class_list":["post-60","post","type-post","status-publish","format-standard","hentry","category-allgemein"],"_links":{"self":[{"href":"https:\/\/faktengegenvolksverdummung.de\/author\/k-albrecht\/wp-json\/wp\/v2\/posts\/60","targetHints":{"allow":["GET"]}}],"collection":[{"href":"https:\/\/faktengegenvolksverdummung.de\/author\/k-albrecht\/wp-json\/wp\/v2\/posts"}],"about":[{"href":"https:\/\/faktengegenvolksverdummung.de\/author\/k-albrecht\/wp-json\/wp\/v2\/types\/post"}],"author":[{"embeddable":true,"href":"https:\/\/faktengegenvolksverdummung.de\/author\/k-albrecht\/wp-json\/wp\/v2\/users\/2"}],"replies":[{"embeddable":true,"href":"https:\/\/faktengegenvolksverdummung.de\/author\/k-albrecht\/wp-json\/wp\/v2\/comments?post=60"}],"version-history":[{"count":7,"href":"https:\/\/faktengegenvolksverdummung.de\/author\/k-albrecht\/wp-json\/wp\/v2\/posts\/60\/revisions"}],"predecessor-version":[{"id":845,"href":"https:\/\/faktengegenvolksverdummung.de\/author\/k-albrecht\/wp-json\/wp\/v2\/posts\/60\/revisions\/845"}],"wp:attachment":[{"href":"https:\/\/faktengegenvolksverdummung.de\/author\/k-albrecht\/wp-json\/wp\/v2\/media?parent=60"}],"wp:term":[{"taxonomy":"category","embeddable":true,"href":"https:\/\/faktengegenvolksverdummung.de\/author\/k-albrecht\/wp-json\/wp\/v2\/categories?post=60"},{"taxonomy":"post_tag","embeddable":true,"href":"https:\/\/faktengegenvolksverdummung.de\/author\/k-albrecht\/wp-json\/wp\/v2\/tags?post=60"}],"curies":[{"name":"wp","href":"https:\/\/api.w.org\/{rel}","templated":true}]}}