{"id":653,"date":"2015-09-06T10:59:37","date_gmt":"2015-09-06T09:59:37","guid":{"rendered":"http:\/\/blog.rentenreform-alternative.de\/?p=653"},"modified":"2016-06-07T16:27:24","modified_gmt":"2016-06-07T15:27:24","slug":"fluchtursachen-beseitigen","status":"publish","type":"post","link":"https:\/\/faktengegenvolksverdummung.de\/author\/k-albrecht\/fluchtursachen-beseitigen\/","title":{"rendered":"Fluchtursachen beseitigen"},"content":{"rendered":"<p>Nach &#8222;Eurokrise&#8220;, &#8222;Ukraine&#8220; und &#8222;Griechenland&#8220; ist nun &#8222;Fl\u00fcchtlingsaufnahme in D&#8220; beherrschendes Thema in unseren Medien. Keine Frage: Menschen in Not\u00a0muss geholfen werden. Warum aber wurden in all den Jahrzehnten nicht die Fluchtursachen beseitigt? In allen Medien werden tagt\u00e4glich Unterbringungsprobleme, Aufnahmestatistiken\u00a0mit dramatisch steigenden Fl\u00fcchtlingszahlen, benachteiligende Aufnahmequoten in der EU, etc. ausf\u00fchrlich ausgebreitet. Mit dieser t\u00e4glichen Vielzahl von Meldungen, Interviews und\u00a0Bildberichten \u00fcber zunehmende Fl\u00fcchtlingsstr\u00f6me wird unterschwellig die Furcht vor nicht endenwollenden und weiter zunehmenden Fl\u00fcchtlingseinreisen nach Deutschland gesch\u00fcrt\u00a0und bei vielen Widerstand provoziert. (Bemerkenswert ist auch, das fast nie konkret durchgreifende Staatsgewalt gegen\u00fcber Neonazi- und fremdenfeindlichen Gewaltt\u00e4tern in den\u00a0Medien gezeigt wird, genausowenig Festnahmen und zeitnahe Verurteilungen von fremdenfeindlichen Straftaten. Merkel und Unionspolitiker blenden sich zu Gewalttaten gegen\u00a0Ausl\u00e4nder vorwiegend aus).<br \/>\nWenn unsere Regierungspoliker es aber ehrlich meinen, warum wurden in all den Jahrzehnten nicht die Fluchtursachen beseitigt? Das ist doch Voraussetzung, um die Wurzeln von\u00a0Verfolgung, Tod und Elend wirksam beseitigen zu k\u00f6nnen! Doch das Thema Fluchtursachen wird in Presse und Fernsehen nicht hinterfragt sondern stoisch ausgeblendet.<br \/>\nDass derzeit so viele Fl\u00fcchtlinge aus Syrien in Deutschland Schutz suchen ist auch eine direkte Folge hoch umstrittener Waffenlieferungen der Regierung Merkel im August 2014 in\u00a0den Irak, Syrien und \u00fcbrigen B\u00fcrgerkriegsgebieten gegen den IS. Erg\u00e4nzend wurde insbesondere den Fl\u00fcchtlingen aus Syrien Hilfe in Deutschland zugesagt.<br \/>\nEs scheint sich kaum jemand zu trauen, die Flucht verursachenden Missst\u00e4nde beim Namen zu nennen. Nachstehend finden sich einige Beitr\u00e4ge, in denen mutig und offen die Verursacher angeklagt werden: Multinationale Konzerne und mit Waffengewalt (Kriege) erschlossene bzw. beherrschte globale Wirtschaftsm\u00e4rkte der unterst\u00fctzenden Politik. Ihre Opfer sind L\u00e4nder und deren Einwohner, die oft gemeinsam mit den lokalen korrupten Herrschern von den internationalen Konzernen ausgebeutet werden. Tod, Elend Hunger und Vertreibung werden f\u00fcr satte Gewinne in Kauf genommen.<br \/>\nNicht nur westliche Regierungen und Politiker kuschen vor den M\u00e4chtigen der Wirtschaft. Denn hinter den Konzernen und den sch\u00fctzenden und unterst\u00fctzenden Politikern stehen die Mehrheitseigner der Multis und sonstiger Gro\u00dfunternehmen: Die m\u00e4chtigen Familien, Reiche und Superreiche aller L\u00e4nder dieser Wirtschaftswelt des maximalen Profits.<br \/>\nSie alle suchen sich durch Sachzw\u00e4nge moralisch zu entlasten, jeder duckt sich hinter dem anderen. Ich frage mich, gibt es unter ihnen wirklich so wenige mit Moral und Verantwortung f\u00fcr ihren Machtbereich? Kann ich nicht glauben. Fehlt nicht vielmehr der Druck der \u00d6ffentlichkeit, der solche Verbrechen an das Tageslicht bringt und die\u00a0Verantwortlichen aus der so bequemen Anonymit\u00e4t reisst und ganz konkret benennt?<br \/>\nDie Schamesr\u00f6te m\u00fcsste ihnen und ihren Familienangeh\u00f6rigen ins Gesicht schiessen, angesichts solch erb\u00e4rmlichen Tuns. Sie m\u00fcssen doch gar nicht auf Reichtum und elit\u00e4res Leben verzichten. Es reicht doch: Leben und Leben lassen. Es ist genug f\u00fcr alle da.<\/p>\n<p>.<br \/>\n<strong>Hintergrundinformationen<\/strong><\/p>\n<p>.<br \/>\n<strong>Fremdenfeindliche Exzesse und Fl\u00fcchtlingspolitik<\/strong> Georg Restle, 25.08.2015<br \/>\n<a title=\"WDR Monitor\" href=\"http:\/\/www1.wdr.de\/daserste\/monitor\/interaktiv\/tagesthemen-kommentar108.html\" target=\"_blank\">http:\/\/www1.wdr.de\/daserste\/monitor\/interaktiv\/tagesthemen-kommentar108.html<\/a><br \/>\nNa endlich; scheint fast so, als h\u00e4tten Regierung und Kanzlerin begriffen, dass man den fremdenfeindlichen Exzessen in Deutschland nicht weiter schweigend zuschauen kann.<br \/>\nDie eigentliche Schande aber ist die deutsche und europ\u00e4ische Fl\u00fcchtlingspolitik. Eine Fl\u00fcchtlingspolitik die die Ursachen f\u00fcr die Flucht von Millionen Menschen nicht bek\u00e4mpft,\u00a0sondern sie immer wieder aufs Neue schafft&#8230;<\/p>\n<p>.<br \/>\n<strong>So viele Fl\u00fcchtlinge wie noch nie<br \/>\n<\/strong>Jahresbericht des UNHCR Tagesschau, Stand: 18.06.2015 09:22 Uhr.\u00a0<a title=\"Tagesschau, UNHCR-Jahresbericht\" href=\"http:\/\/www.tagesschau.de\/ausland\/unhcr-fluechtlingszahlen-101.html\" target=\"_blank\">http:\/\/www.tagesschau.de\/ausland\/unhcr-fluechtlingszahlen-101.html<\/a><br \/>\n&#8222;Es ist erschreckend, dass die Verantwortlichen immer h\u00e4ufiger ungeschoren davonkommen, w\u00e4hrend\u00a0die Internationale Gemeinschaft ausgesprochen unf\u00e4hig ist, zusammenzuarbeiten und Kriege zu verhindern.<br \/>\nDer neue UN-Bericht zeigt, dass in immer mehr Regionen die Zahl der Fl\u00fcchtlinge und Vertriebenen ansteigt. In den letzten f\u00fcnf Jahren hat es allein 15 zus\u00e4tzliche Konflikte gegeben &#8230;<\/p>\n<p><strong>.<br \/>\nFluchtursachen bek\u00e4mpfen, Waffenexporte stoppen\u00a0\u00a0\u00a0 <\/strong><br \/>\n<a title=\"Aktion Bleiberecht\" href=\"http:\/\/www.aktionbleiberecht.de\/blog\/wp-content\/uploads\/2015\/07\/Flyer-Aktionstage_Fluchtursachen-bek%C3%A4mpfen-Waffenexporte-stoppen.pdf\" target=\"_blank\">http:\/\/www.aktionbleiberecht.de\/blog\/wp-content\/uploads\/2015\/07\/Flyer-Aktionstage_Fluchtursachen-bek%C3%A4mpfen-Waffenexporte-stoppen.pdf<\/a><br \/>\nAktionstage 20. bis 22. Aug.2015, Rex Osa, E-Mail : refugees4refugees@gmx.de<br \/>\nMehr als 60 Millionen Menschen sind nach Angaben des UNHCR aktuell auf der Flucht vor \u00a0 Krieg, Verfolgung und Armut \u2013 so viele wie nie nach dem Zweiten Weltkrieg.<br \/>\nAber nur ein Bruchteil dieser Fl\u00fcchtlinge schafft es in die Festung Europa. Gleichzeitig gaben die EU und ihre Mitgliedsl\u00e4nder seit dem Jahr 2000 \u00fcber 1,5 Milliarden Euro\u00a0f\u00fcr Initiativen und Vorkehrungen aus, die Europa von fl\u00fcchtenden Menschen abschotten sollen.<br \/>\nDie EU, ihre Mitgliedstaaten und insbesondere Deutschland tragen durch ihre Politik der Abschottung nicht nur dazu bei, dass Fl\u00fcchtlinge es gar nicht erst nach Europa schaffen,\u00a0sie sind auch mitverantwortlich f\u00fcr das Entstehen der Fluchtursachen. Deutschland ist viertgr\u00f6\u00dfter Waffenexporteur der Welt und sollte in dieser Frage mutig vorangehen\u00a0und die Waffenexporte endlich stoppen, um die Gefahr von Konflikten und damit die Fluchtursachen zu verringern. Solange es Kriege gibt, wird es auch Fl\u00fcchtlinge\u00a0geben, die bei uns Schutz suchen. Deutschland tr\u00e4gt mit direkten R\u00fcstungs- und Waffenlieferungen und mit Kampfeins\u00e4tzen innerhalb des NATOb\u00fcndnisses, zur Anheizung\u00a0der Konflikte bei und erlaubt es sich gleichzeitig offensiv gegen die so selbst mitausgel\u00f6sten Fl\u00fcchtlingsstr\u00f6me vorzugehen.<\/p>\n<p>.<br \/>\n<strong>Wer den Wind s\u00e4t \u2026<\/strong><br \/>\nWas westliche Politik im Orient anrichtet. Dr. Michael L\u00fcders SWR Tele-Akademie.<br \/>\nMichael L\u00fcders untersucht in seinem Vortrag die Folgen westlicher Politik in der arabisch-islamischen Welt. Er beginnt mit dem von britischen und amerikanischen Geheimdiensten\u00a0inszenierten Putsch gegen die demokratisch gew\u00e4hlte Regierung von Mossadegh im Iran 1953, die als &#8222;Urs\u00fcnde&#8220; westlicher Interventionen &#8230;\u00a0 <a title=\"Tele Akademie Wer den Wind s\u00e4t\" href=\"http:\/\/www.tele-akademie.de\/begleit\/video_ta150412.php?xtmc=Wer%20den%20Wind%20s%C3%A4t%20%E2%80%A6%20&amp;xtcr=1\" target=\"_blank\">Zum Video<\/a><br \/>\n.<br \/>\n<strong>&#8222;Wir machen uns unsere Feinde selbst&#8220;<\/strong><br \/>\nDeutschlandfunk-Interview mit Politikwissenschaftler Dr. Michael L\u00fcders, 16.3.2015<br \/>\nAl Kaida, Taliban, Islamischer Staat: Der Erfolg der einflussreichsten Terrorgruppen der vergangenen zehn Jahre ist unter anderem das Ergebnis einer falschen Politik des Westens, meint der Politikwissenschaftler Michael L\u00fcders&#8230;\u00a0 <a title=\"Deutschlandfunk\" href=\"http:\/\/www.deutschlandfunk.de\/naher-osten-wir-machen-uns-unsere-feinde-selbst.1310.de.html?dram:article_id=314398\" target=\"_blank\">Zum vollst\u00e4ndigen Interview<\/a><\/p>\n<p><strong>.<br \/>\nBericht des SIPRI-Instituts Mehr Waffen f\u00fcr die Welt<\/strong> Tagesschau: 16.03.2015<br \/>\n<a title=\"Tagesschau Sipri-Bericht\" href=\"http:\/\/www.tagesschau.de\/ausland\/sipri-119.html\" target=\"_blank\">http:\/\/www.tagesschau.de\/ausland\/sipri-119.html<\/a><br \/>\nSIPRI hat die\u00a0Zeitr\u00e4ume 2005-2009 und 2010-2014 verglichen. Danach f\u00fchren die USA und Russland nach wie vor die Liste der Waffenexportl\u00e4nder an, mit einigem Abstand gefolgt von China es\u00a0folgen Deutschland, Frankreich und Gro\u00dfbritannien. \u00a0\u00a0<a title=\"Grafik Waffenhandel\" href=\"http:\/\/www.tagesschau.de\/ausland\/sipri-119~magnifier_pos-0.html\" target=\"_blank\">Siehe Grafik<\/a><\/p>\n<p><strong>.<\/strong><br \/>\nSiehe auch <a title=\"Tagesspiegel\" href=\"http:\/\/www.tagesspiegel.de\/weltspiegel\/humanitaere-hilfe-mitleid-eine-boomende-industrie\/v_print\/3014384.html?p=\" target=\"_blank\">Mitleid \u2013 eine boomende Industrie<\/a><\/p>\n<p><strong>.<br \/>\n<\/strong><strong>Der j\u00e4hrliche Hungertod von mehreren zehn Millionen Menschen ist der Skandal unseres Jahrhunderts.<\/strong><br \/>\nAlle f\u00fcnf Sekunden verhungert ein Kind unter zehn Jahren.<br \/>\n&#8222;Ein Kind, das am Hunger stirbt, wird ermordet.&#8220;<br \/>\nJean Ziegler nennt Banken und Konzerne \u201eMassenm\u00f6rder\u201c. Zehn weltumspannende Konzerne kontrollieren 85 Prozent der weltweit gehandelten Grundnahrungsmittel. Seit Sommer\u00a02011 herrscht in f\u00fcnf L\u00e4ndern am Horn von Afrika die t\u00f6dliche Bedrohung einer Hungersnot. Der World Food Report der UNO sagt, dass die Weltlandwirtschaft heute problemlos\u00a0fast 12 Milliarden Menschen, also fast das Doppelte der Weltbev\u00f6lkerung, ern\u00e4hren k\u00f6nnte. Aber \u201eWas vor allem fehlt, ist der Wille der Staatengemeinschaft.<br \/>\nDer Schweizer Soziologe und Globalisierungskritiker Jean Ziegler in seinem September 2012 herausgegebenen Buch\u00a0&#8222;Wir lassen sie verhungern &#8211; die Massenvernichtung in der Dritten Welt&#8220;<\/p>\n<p><strong>.<br \/>\nArmut bek\u00e4mpfen, nicht Fl\u00fcchtlinge \u00a0\u00a0<\/strong><a title=\"Linksfraktion Pressemitteilung\" href=\"http:\/\/www.linksfraktion.de\/pressemitteilungen\/armut-bekaempfen-nicht-fluechtlinge\/?rss\" target=\"_blank\">Linksfraktion<\/a><br \/>\n&#8222;Statt gegen Menschen zu hetzen, die aus bitterer Armut fliehen, sollten Deutschland und die EU endlich zu ihrer Verantwortung f\u00fcr die europ\u00e4ische Katastrophe im Kosovo stehen&#8220;<\/p>\n<p><strong>Fl\u00fcchtlinge in Deutschland<\/strong><br \/>\n<a title=\"S\u00fcddeutsche Zeitung Fl\u00fcchtlinge in D\" href=\"http:\/\/www.sueddeutsche.de\/politik\/faktencheck-zur-einwanderung-zahlen-gegen-vorurteile-1.2613913\" target=\"_blank\">Faktencheck zu Fl\u00fcchtlingen &#8211; Zahlen gegen Vorurteile S\u00fcdd. 2.Sept.2015<\/a><\/p>\n<p>.<br \/>\n<strong>Blamable Ergebnisse<\/strong>\u00a0\u00a0\u00a0\u00a0 Tageszeitung junge Welt, 20.7.2015, Bernd M\u00fcller<br \/>\n<a title=\"Junge Welt: Blamable Ereignisse\" href=\"http:\/\/www.jungewelt.de\/2015\/07-20\/013.php\" target=\"_blank\">http:\/\/www.jungewelt.de\/2015\/07-20\/013.php<\/a><br \/>\nUN-Entwicklungskonferenz in Addis Abeba endet ohne konkrete Ergebnisse.<br \/>\nKlar ist nur: Arme L\u00e4nder sollen f\u00fcr Konzerne bessere Bedingungen schaffen. &#8230;<br \/>\nDie Entwicklungsorganisation Oxfam Deutschland sch\u00e4tzt, dass allen\u00a0Entwicklungsl\u00e4ndern zusammen durch Steuervermeidung international agierender Konzerne j\u00e4hrlich 100 Milliarden US-Dollar verloren gehen.<\/p>\n<p>&nbsp;<\/p>\n","protected":false},"excerpt":{"rendered":"<p>Nach &#8222;Eurokrise&#8220;, &#8222;Ukraine&#8220; und &#8222;Griechenland&#8220; ist nun &#8222;Fl\u00fcchtlingsaufnahme in D&#8220; beherrschendes Thema in unseren Medien. Keine Frage: Menschen in Not\u00a0muss geholfen werden. Warum aber wurden in all den Jahrzehnten nicht die Fluchtursachen beseitigt? In allen Medien werden tagt\u00e4glich Unterbringungsprobleme, Aufnahmestatistiken\u00a0mit &hellip; <a href=\"https:\/\/faktengegenvolksverdummung.de\/author\/k-albrecht\/fluchtursachen-beseitigen\/\">Weiterlesen <span class=\"meta-nav\">&rarr;<\/span><\/a><\/p>\n","protected":false},"author":2,"featured_media":0,"comment_status":"open","ping_status":"closed","sticky":true,"template":"","format":"standard","meta":{"footnotes":""},"categories":[1,239,236,240,241,246,250,248,238,243,13,249,244,245,247,242,237,251,228,229],"tags":[],"class_list":["post-653","post","type-post","status-publish","format-standard","hentry","category-allgemein","category-asyl","category-fluechtlinge","category-fluechtlingsstroeme","category-fluchtursachen","category-hemmungslose-ausbeutung","category-jean-ziegler","category-korrupte-regierungen","category-kosovo","category-kriege","category-merkel","category-michael-lueders","category-militaerintervention","category-multinationale-konzerne","category-profitmaximierung","category-ruestungsexporte","category-syrien","category-un-sipri","category-waffenexport","category-waffenlieferung"],"_links":{"self":[{"href":"https:\/\/faktengegenvolksverdummung.de\/author\/k-albrecht\/wp-json\/wp\/v2\/posts\/653","targetHints":{"allow":["GET"]}}],"collection":[{"href":"https:\/\/faktengegenvolksverdummung.de\/author\/k-albrecht\/wp-json\/wp\/v2\/posts"}],"about":[{"href":"https:\/\/faktengegenvolksverdummung.de\/author\/k-albrecht\/wp-json\/wp\/v2\/types\/post"}],"author":[{"embeddable":true,"href":"https:\/\/faktengegenvolksverdummung.de\/author\/k-albrecht\/wp-json\/wp\/v2\/users\/2"}],"replies":[{"embeddable":true,"href":"https:\/\/faktengegenvolksverdummung.de\/author\/k-albrecht\/wp-json\/wp\/v2\/comments?post=653"}],"version-history":[{"count":18,"href":"https:\/\/faktengegenvolksverdummung.de\/author\/k-albrecht\/wp-json\/wp\/v2\/posts\/653\/revisions"}],"predecessor-version":[{"id":856,"href":"https:\/\/faktengegenvolksverdummung.de\/author\/k-albrecht\/wp-json\/wp\/v2\/posts\/653\/revisions\/856"}],"wp:attachment":[{"href":"https:\/\/faktengegenvolksverdummung.de\/author\/k-albrecht\/wp-json\/wp\/v2\/media?parent=653"}],"wp:term":[{"taxonomy":"category","embeddable":true,"href":"https:\/\/faktengegenvolksverdummung.de\/author\/k-albrecht\/wp-json\/wp\/v2\/categories?post=653"},{"taxonomy":"post_tag","embeddable":true,"href":"https:\/\/faktengegenvolksverdummung.de\/author\/k-albrecht\/wp-json\/wp\/v2\/tags?post=653"}],"curies":[{"name":"wp","href":"https:\/\/api.w.org\/{rel}","templated":true}]}}