{"id":67,"date":"2011-11-15T00:00:53","date_gmt":"2011-11-14T23:00:53","guid":{"rendered":"http:\/\/blog.rentenreform-alternative.de\/?p=67"},"modified":"2016-06-01T15:13:39","modified_gmt":"2016-06-01T14:13:39","slug":"verfassungsschutz-oder-was","status":"publish","type":"post","link":"https:\/\/faktengegenvolksverdummung.de\/author\/k-albrecht\/verfassungsschutz-oder-was\/","title":{"rendered":"Verfassungsschutz? Oder was?"},"content":{"rendered":"<div>\n<div><!-- google_ad_section_start -->Welchen praktischen Nutzen hat der Verfassungsschutz von Bund und L\u00e4ndern? Au\u00dfer vielleicht Oppositionsparteien auszusp\u00e4hen f\u00fcr unsere Regierungsparteien. Uns vor rechtsextreme Gewalttaten bis hin zu Morden sch\u00fctzen, offensichtlich nicht.<br \/>\nDa kann eine dreik\u00f6pfige (oder mehr) rechtsextreme M\u00f6rderbande, obwohl dem Verfassungsschutz schon 1998 bekannt, \u00fcber 10 Jahre unbehelligt Polizisten und ausl\u00e4ndische Mitb\u00fcrger ermorden. Der Verfassungsschutz wei\u00df von nichts&#8230;Daf\u00fcr ist der Verfassungsschutz verantwortlich, dass das 2001 beantragte Verbotsverfahren gegen die NPD vom Bundesverfassungsgericht im Jahre 2003 eingestellt werden musste. Der Verfassungsschutz hatte die F\u00fchrungsebene der NPD so massiv mit V-Leuten durchsetzt, dass diese nach Ansicht von drei Verfassungs-Richtern zu einer &#8222;Veranstaltung des Staates&#8220; wurde:<br \/>\n&#8222;Andererseits darf eine intensivere Beobachtung politischer Parteien mit nachrichtendienstlichen Mitteln jedenfalls nicht dazu f\u00fchren, dass etwa eingeschleuste Bedienstete staatlicher Beh\u00f6rden gezielt und wirkungsvoll Einfluss auf die Vorst\u00e4nde einer politischen Partei auf Bundes- oder Landesebene nehmen, so dass der Sache nach von einer Veranstaltung des Staates gesprochen und der Partei demgem\u00e4ss ihr Status abgesprochen werden m\u00fcsste.&#8220;<br \/>\nDie Antragssteller &#8211; Bundesregierung, Bundesrat und Bundestag &#8211;\u00a0 hatten im Sommer 2002 einr\u00e4umen m\u00fcssen, dass sie sich in dem Verbotsantrag auf Aussagen st\u00fctzen, die von eigenen V-Leuten stammen. Jeder siebte NPD-Funktion\u00e4r stand auf der Gehaltsliste des Verfassungsschutzes.Siehe Zitate in Abs\u00e4tzen 78, 79, 97 aus der Entscheidung zur <a href=\"http:\/\/www.bundesverfassungsgericht.de\/entscheidungen\/bs20030318_2bvb000101.html\" target=\"_blank\">Verfahrenseinstellung der NPD-Verbotsantr\u00e4ge<\/a>\u00a0 BVerfG, 2 BvB 1\/01 vom 18.3.2003<\/p>\n<p>Siehe auch <a href=\"http:\/\/www.wsws.org\/de\/2003\/apr2003\/npd-a01.shtml\" target=\"_blank\">Verbotsverfahren gegen NPD eingestellt<\/a>\u00a0\u00a0von Marius Heuser, WSWS, 1. 4.03<br \/>\n.<\/p>\n<p><!-- google_ad_section_end --><\/p>\n<\/div>\n<\/div>\n","protected":false},"excerpt":{"rendered":"<p>Welchen praktischen Nutzen hat der Verfassungsschutz von Bund und L\u00e4ndern? Au\u00dfer vielleicht Oppositionsparteien auszusp\u00e4hen f\u00fcr unsere Regierungsparteien. Uns vor rechtsextreme Gewalttaten bis hin zu Morden sch\u00fctzen, offensichtlich nicht. Da kann eine dreik\u00f6pfige (oder mehr) rechtsextreme M\u00f6rderbande, obwohl dem Verfassungsschutz schon &hellip; <a href=\"https:\/\/faktengegenvolksverdummung.de\/author\/k-albrecht\/verfassungsschutz-oder-was\/\">Weiterlesen <span class=\"meta-nav\">&rarr;<\/span><\/a><\/p>\n","protected":false},"author":2,"featured_media":0,"comment_status":"open","ping_status":"open","sticky":true,"template":"","format":"standard","meta":{"footnotes":""},"categories":[1],"tags":[],"class_list":["post-67","post","type-post","status-publish","format-standard","hentry","category-allgemein"],"_links":{"self":[{"href":"https:\/\/faktengegenvolksverdummung.de\/author\/k-albrecht\/wp-json\/wp\/v2\/posts\/67","targetHints":{"allow":["GET"]}}],"collection":[{"href":"https:\/\/faktengegenvolksverdummung.de\/author\/k-albrecht\/wp-json\/wp\/v2\/posts"}],"about":[{"href":"https:\/\/faktengegenvolksverdummung.de\/author\/k-albrecht\/wp-json\/wp\/v2\/types\/post"}],"author":[{"embeddable":true,"href":"https:\/\/faktengegenvolksverdummung.de\/author\/k-albrecht\/wp-json\/wp\/v2\/users\/2"}],"replies":[{"embeddable":true,"href":"https:\/\/faktengegenvolksverdummung.de\/author\/k-albrecht\/wp-json\/wp\/v2\/comments?post=67"}],"version-history":[{"count":4,"href":"https:\/\/faktengegenvolksverdummung.de\/author\/k-albrecht\/wp-json\/wp\/v2\/posts\/67\/revisions"}],"predecessor-version":[{"id":846,"href":"https:\/\/faktengegenvolksverdummung.de\/author\/k-albrecht\/wp-json\/wp\/v2\/posts\/67\/revisions\/846"}],"wp:attachment":[{"href":"https:\/\/faktengegenvolksverdummung.de\/author\/k-albrecht\/wp-json\/wp\/v2\/media?parent=67"}],"wp:term":[{"taxonomy":"category","embeddable":true,"href":"https:\/\/faktengegenvolksverdummung.de\/author\/k-albrecht\/wp-json\/wp\/v2\/categories?post=67"},{"taxonomy":"post_tag","embeddable":true,"href":"https:\/\/faktengegenvolksverdummung.de\/author\/k-albrecht\/wp-json\/wp\/v2\/tags?post=67"}],"curies":[{"name":"wp","href":"https:\/\/api.w.org\/{rel}","templated":true}]}}