{"id":76,"date":"2011-07-22T00:00:08","date_gmt":"2011-07-21T23:00:08","guid":{"rendered":"http:\/\/blog.rentenreform-alternative.de\/?p=76"},"modified":"2013-01-02T15:34:58","modified_gmt":"2013-01-02T14:34:58","slug":"die-rentenluge-infoabend-am-5-september-2011","status":"publish","type":"post","link":"https:\/\/faktengegenvolksverdummung.de\/author\/k-albrecht\/die-rentenluge-infoabend-am-5-september-2011\/","title":{"rendered":"Die Rentenl\u00fcge &#8211; Infoabend am 5. September 2011"},"content":{"rendered":"<div>\n<div><!-- google_ad_section_start --><strong>Die Rentenl\u00fcge betrifft die Jungen und die Alten<\/strong><\/div>\n<div>\u00a0<\/div>\n<p><strong>Informationsveranstaltung mit Rentenexperte Otto Teufel am 5. Sept. 2011 in Leer\/Ostfriesland<br \/>\n<\/strong>Juristisch sind unsere Rentenbeitr\u00e4ge \u201e\u00f6ffentliche Mittel\u201c \u00fcber die der Staat nach Gutd\u00fcnken verf\u00fcgen kann. W\u00fcrden die Einnahmen der Rentenversicherung nur f\u00fcr die Renten verwendet, h\u00e4tte die Rentenversicherung 2010 einen \u00dcberschuss von \u00fcber 70 Mrd. Euro erwirtschaftet.<br \/>\nEs geht um unsere Altersversorgung und um unsere Beitragsgelder.<br \/>\nWir m\u00fcssen uns wehren!<br \/>\n<a href=\"http:\/\/www.rentenreform-alternative.de\/index2.htm\" target=\"_blank\">Mehr zum Thema<\/a><\/p>\n<p><strong>Zum Ausdrucken:<br \/>\n<\/strong><a href=\"http:\/\/www.rentenreform-alternative.de\/rentenluege-leer-5sept2011.pdf\" target=\"_blank\">&#8222;Die Rentenl\u00fcge&#8220; Einladung<\/a>\u00a0\u00a0\u00a0\u00a0\u00a0\u00a0\u00a0<br \/>\n<a href=\"http:\/\/www.rentenreform-alternative.de\/rentenluege_handzettel-as.pdf\" target=\"_blank\">Rentenl\u00fcge &#8211; Flyer-AS<\/a>\u00a0\u00a0\u00a0\u00a0\u00a0\u00a0\u00a0<br \/>\n<a href=\"http:\/\/www.rentenreform-alternative.de\/rentenluege_handzettel-is.pdf\" target=\"_blank\">Rentenl\u00fcge &#8211; Flyer-IS<\/a>\u00a0\u00a0\u00a0\u00a0\u00a0<\/p>\n<p><!-- google_ad_section_end --><\/p>\n<\/div>\n","protected":false},"excerpt":{"rendered":"<p>Die Rentenl\u00fcge betrifft die Jungen und die Alten \u00a0 Informationsveranstaltung mit Rentenexperte Otto Teufel am 5. Sept. 2011 in Leer\/Ostfriesland Juristisch sind unsere Rentenbeitr\u00e4ge \u201e\u00f6ffentliche Mittel\u201c \u00fcber die der Staat nach Gutd\u00fcnken verf\u00fcgen kann. W\u00fcrden die Einnahmen der Rentenversicherung nur &hellip; <a href=\"https:\/\/faktengegenvolksverdummung.de\/author\/k-albrecht\/die-rentenluge-infoabend-am-5-september-2011\/\">Weiterlesen <span class=\"meta-nav\">&rarr;<\/span><\/a><\/p>\n","protected":false},"author":2,"featured_media":0,"comment_status":"open","ping_status":"open","sticky":true,"template":"","format":"standard","meta":{"footnotes":""},"categories":[1],"tags":[],"class_list":["post-76","post","type-post","status-publish","format-standard","hentry","category-allgemein"],"_links":{"self":[{"href":"https:\/\/faktengegenvolksverdummung.de\/author\/k-albrecht\/wp-json\/wp\/v2\/posts\/76","targetHints":{"allow":["GET"]}}],"collection":[{"href":"https:\/\/faktengegenvolksverdummung.de\/author\/k-albrecht\/wp-json\/wp\/v2\/posts"}],"about":[{"href":"https:\/\/faktengegenvolksverdummung.de\/author\/k-albrecht\/wp-json\/wp\/v2\/types\/post"}],"author":[{"embeddable":true,"href":"https:\/\/faktengegenvolksverdummung.de\/author\/k-albrecht\/wp-json\/wp\/v2\/users\/2"}],"replies":[{"embeddable":true,"href":"https:\/\/faktengegenvolksverdummung.de\/author\/k-albrecht\/wp-json\/wp\/v2\/comments?post=76"}],"version-history":[{"count":5,"href":"https:\/\/faktengegenvolksverdummung.de\/author\/k-albrecht\/wp-json\/wp\/v2\/posts\/76\/revisions"}],"predecessor-version":[{"id":81,"href":"https:\/\/faktengegenvolksverdummung.de\/author\/k-albrecht\/wp-json\/wp\/v2\/posts\/76\/revisions\/81"}],"wp:attachment":[{"href":"https:\/\/faktengegenvolksverdummung.de\/author\/k-albrecht\/wp-json\/wp\/v2\/media?parent=76"}],"wp:term":[{"taxonomy":"category","embeddable":true,"href":"https:\/\/faktengegenvolksverdummung.de\/author\/k-albrecht\/wp-json\/wp\/v2\/categories?post=76"},{"taxonomy":"post_tag","embeddable":true,"href":"https:\/\/faktengegenvolksverdummung.de\/author\/k-albrecht\/wp-json\/wp\/v2\/tags?post=76"}],"curies":[{"name":"wp","href":"https:\/\/api.w.org\/{rel}","templated":true}]}}