{"id":969,"date":"2017-06-17T10:04:27","date_gmt":"2017-06-17T09:04:27","guid":{"rendered":"http:\/\/blog.rentenreform-alternative.de\/?p=969"},"modified":"2017-08-16T19:12:06","modified_gmt":"2017-08-16T18:12:06","slug":"wahljahr-2017-fluechtlings-probleme-ausgeblendet","status":"publish","type":"post","link":"https:\/\/faktengegenvolksverdummung.de\/author\/k-albrecht\/wahljahr-2017-fluechtlings-probleme-ausgeblendet\/","title":{"rendered":"Wahljahr 2017 &#8211; Fl\u00fcchtlings-Probleme ausgeblendet"},"content":{"rendered":"<p><span style=\"font-family: Arial;\"><span style=\"font-family: Arial;\"><a title=\"Merkel entschied und forcierte die ungesteuerteGrenz\u00f6ffnung f\u00fcr Hunderttausende Fl\u00fcchtlinge ab Sept.2015\" href=\"https:\/\/faktengegenvolksverdummung.de\/merkels-fluechtlinge\/\" target=\"_blank\"><span style=\"color: blue; font-family: Arial;\">Merkels<\/span><\/a>\u00a0gigantische Fl\u00fcchtlingswelle 2015\/16 wurde zum Wahljahr 2017 m\u00fchsam *gedrosselt. Die <a title=\"T\u00e4glich rund 9 Asylbewerberattacken \nBasler Zeitung, 4.8.2017\" href=\"https:\/\/bazonline.ch\/ausland\/europa\/Sexhooligans-vom-Hindukusch\/story\/14739592\" target=\"_blank\"><span style=\"color: blue; font-family: Arial;\">tagt\u00e4glichen \u00dcbergriffe auf Frauen<\/span><\/a>, Polizisten und Rettungskr\u00e4fte, Stra\u00dfengewalt und -Raub, zunehmende &#8222;nogo-areas&#8220; und Terror-Anschl\u00e4ge, die wir der CDU-Vorsitzenden Merkel &#8222;verdanken&#8220;, haben scheinbar keine Rolle gespielt. Die CDU konnte in den drei Landtagswahlen sogar zulegen.<br \/>\nDie katastrophalen Sicherheits-Defizite sind im Wahljahr aus der t\u00e4glichen Medienberichterstattung totalit\u00e4r ausgetilgt worden. Keine konkreten L\u00f6sungsangebote f\u00fcr Einheimische zur Konkurrenzsituation auf dem Arbeits- und Wohnungsmarkt, nicht einmal \u00f6ffentlich hinterfragt. Von SPD und Opposition nichts, gar nichts zum Thema in den Mainstream-Medien. Selbst von der fremdenfeindlichen AfD \u00a0nur Medien-Berichte\u00a0in 2017 \u00fcber interne Partei-Streitigkeiten&#8230; Gegen\u00fcber solcherart Ausschaltung \u00f6ffentlicher Kritik im Wahljahr 2017 nehmen sich alle Diktatoren und Despoten der Welt, als armselige Dilettanten aus.<br \/>\n&#8212;&#8212;&#8212;&#8212;&#8212;&#8212;&#8212;&#8212;&#8212;&#8212;&#8212;&#8212;&#8212;&#8212;&#8212;&#8212;<br \/>\n<\/span><\/span><span style=\"font-family: Arial;\">*<i>Merkels Fl\u00fcchtlings-Milliardendeal mit Erdogan und t\u00f6dliche Fl\u00fcchtlingsabschottungen; auch der anstehende Familiennachzug in Millionenh\u00f6he ist auf die Zeit nach 2017 hinausgedr\u00fcckt worden.<\/i><\/span><\/p>\n<p><span style=\"font-family: Arial;\"><b>.<\/b><\/span><\/p>\n<p>Die drohende Altersarmut, 2016 noch in aller Munde, von Merkel pers\u00f6nlich aus den Wahlthemen verbannt. Und unsere Medien halten still, kein Sterbensw\u00f6rtchen mehr in 2017, Totenstille&#8230;<\/p>\n<p><span style=\"font-family: Arial;\"><i>Bei 3,7\u00a0Millionen <\/i><\/span><a title=\"Tats\u00e4chliche Arbeitslosigkeit nach offiziellen Zahlen\nDie Linke\" href=\"https:\/\/www.die-linke.de\/themen\/arbeit\/tatsaechliche-arbeitslosigkeit\/2017\/\" target=\"_blank\"><i><span style=\"color: blue; font-family: Arial;\">tats\u00e4chlich Arbeitslosen<\/span><\/i><\/a><i><span style=\"color: blue; font-family: Arial;\"> \u00a0<\/span><\/i><span style=\"font-family: Arial;\">zuerst Arbeitspl\u00e4tze f\u00fcr Einheimische, vor allem normal bezahlte Arbeit. Millionen Niedriglohn-Besch\u00e4ftigte ist ein Skandal. Skandal\u00f6s auch, dass die &#8222;Vorrangpr\u00fcfung&#8220; entf\u00e4llt.<\/span><\/p>\n<p><span style=\"font-family: Arial;\">Erst heimischen Bedarf von Mietwohnungen und Sozialwohnungen abdecken.<br \/>\nEilbedarf f\u00fcr Fl\u00fcchtlinge: Was ist mit leerstehenden Plattenbauten und H\u00e4usern im Osten und auf dem Land?<\/span><\/p>\n<p><span style=\"font-family: Arial;\">Die skandal\u00f6sen und emp\u00f6renden Fl\u00fcchtlings-Ausschreitungen an Sylvester 2015\/16 in K\u00f6ln offenbarten dar\u00fcberhinaus eine politisch gewollte Verschleierung der Missst\u00e4nde im Zusammenhang mit dem von der\u00a0<a title=\"Merkel entschied und forcierte die ungesteuerte\nGrenz\u00f6ffnung f\u00fcr Zehntausende Fl\u00fcchtlinge im Sept.2015\" href=\"https:\/\/faktengegenvolksverdummung.de\/merkels-fluechtlinge\/\" target=\"_blank\"><span style=\"color: blue; font-family: Arial;\">CDU-Bundeskanzlerin Merkel<\/span><\/a> verursachten grenzenlosen, unkontrollierten und alle Beteiligten \u00fcberfordernden Fl\u00fcchtlingsansturm.<br \/>\n<b>Gegen das Vergessen <\/b>hierzu eine Sammlung von Medienartikeln zu Arbeitslosigkeit, Fl\u00fcchtlingsaufnahme-Probleme, Polizei- und Justizversagen, Fl\u00fcchtlingsstraftaten &#8211; Terroranschl\u00e4ge, Wohnungsbedarf bis Sozialbetreuung, die noch 2016 an die breite \u00d6ffentlichkeit gelangten.<br \/>\n<a title=\"Wahljahr 2017 - Fl\u00fcchtlings-Probleme ausgeblendet\" href=\"https:\/\/www.rentenreform-alternative.de\/wahljahr2017.htm\" target=\"_blank\">Zum kompletten Originalartikel<\/a><br \/>\n<\/span><\/p>\n","protected":false},"excerpt":{"rendered":"<p>Merkels\u00a0gigantische Fl\u00fcchtlingswelle 2015\/16 wurde zum Wahljahr 2017 m\u00fchsam *gedrosselt. Die tagt\u00e4glichen \u00dcbergriffe auf Frauen, Polizisten und Rettungskr\u00e4fte, Stra\u00dfengewalt und -Raub, zunehmende &#8222;nogo-areas&#8220; und Terror-Anschl\u00e4ge, die wir der CDU-Vorsitzenden Merkel &#8222;verdanken&#8220;, haben scheinbar keine Rolle gespielt. Die CDU konnte in den &hellip; <a href=\"https:\/\/faktengegenvolksverdummung.de\/author\/k-albrecht\/wahljahr-2017-fluechtlings-probleme-ausgeblendet\/\">Weiterlesen <span class=\"meta-nav\">&rarr;<\/span><\/a><\/p>\n","protected":false},"author":2,"featured_media":0,"comment_status":"open","ping_status":"closed","sticky":true,"template":"","format":"standard","meta":{"footnotes":""},"categories":[310,216,314,198,308,236,309,13,271,311,313,312,307,306],"tags":[],"class_list":["post-969","post","type-post","status-publish","format-standard","hentry","category-altersarmut-und-rentenreform-ausgeblendet","category-altersarmut-vermeiden","category-arbeitsplaetze-zuerst-fuer-einheimische","category-bundestagswahl","category-bundestagswahl-2017","category-fluechtlinge","category-fluechtlingsprobleme-ausgeblendet","category-merkel","category-merkels-fluechtlinge","category-merkels-fluechtlingswelle","category-verschleierung-der-fluechtlingsprobleme","category-von-cdu-bundeskanzlerin-merkel-verursachter-fluechtlingsansturm","category-wahljahr-2017","category-wahljahr-2017-fluechtlingsprobleme"],"_links":{"self":[{"href":"https:\/\/faktengegenvolksverdummung.de\/author\/k-albrecht\/wp-json\/wp\/v2\/posts\/969","targetHints":{"allow":["GET"]}}],"collection":[{"href":"https:\/\/faktengegenvolksverdummung.de\/author\/k-albrecht\/wp-json\/wp\/v2\/posts"}],"about":[{"href":"https:\/\/faktengegenvolksverdummung.de\/author\/k-albrecht\/wp-json\/wp\/v2\/types\/post"}],"author":[{"embeddable":true,"href":"https:\/\/faktengegenvolksverdummung.de\/author\/k-albrecht\/wp-json\/wp\/v2\/users\/2"}],"replies":[{"embeddable":true,"href":"https:\/\/faktengegenvolksverdummung.de\/author\/k-albrecht\/wp-json\/wp\/v2\/comments?post=969"}],"version-history":[{"count":16,"href":"https:\/\/faktengegenvolksverdummung.de\/author\/k-albrecht\/wp-json\/wp\/v2\/posts\/969\/revisions"}],"predecessor-version":[{"id":988,"href":"https:\/\/faktengegenvolksverdummung.de\/author\/k-albrecht\/wp-json\/wp\/v2\/posts\/969\/revisions\/988"}],"wp:attachment":[{"href":"https:\/\/faktengegenvolksverdummung.de\/author\/k-albrecht\/wp-json\/wp\/v2\/media?parent=969"}],"wp:term":[{"taxonomy":"category","embeddable":true,"href":"https:\/\/faktengegenvolksverdummung.de\/author\/k-albrecht\/wp-json\/wp\/v2\/categories?post=969"},{"taxonomy":"post_tag","embeddable":true,"href":"https:\/\/faktengegenvolksverdummung.de\/author\/k-albrecht\/wp-json\/wp\/v2\/tags?post=969"}],"curies":[{"name":"wp","href":"https:\/\/api.w.org\/{rel}","templated":true}]}}