{"id":991,"date":"2017-12-23T17:29:02","date_gmt":"2017-12-23T16:29:02","guid":{"rendered":"http:\/\/blog.rentenreform-alternative.de\/?p=991"},"modified":"2017-12-23T17:29:32","modified_gmt":"2017-12-23T16:29:32","slug":"merkel-daemmerung-kurz-kann-es-besser","status":"publish","type":"post","link":"https:\/\/faktengegenvolksverdummung.de\/author\/k-albrecht\/merkel-daemmerung-kurz-kann-es-besser\/","title":{"rendered":"Merkel-D\u00e4mmerung &#8211; Kurz kann es besser"},"content":{"rendered":"<p>Regierungsbildung in wenigen Wochen in \u00d6sterreich.\u00a0 Ganz im Gegensatz zu Merkel-Hickhack und Unions-Verweigerungshaltung. Was den Menschen hierzulande am meisten auf den N\u00e4geln brennt, hat der k\u00fcnftige Bundeskanzler \u00d6sterreichs, Sebastian Kurz, in\u00a0 wenigen Wochen ohne \u00f6ffentliches Schaulaufen und Streitereien bew\u00e4ltigt. Darunter bemerkenswerte Zielsetzungen und Regelungen, einige Beispiele:<\/p>\n<p>&#8211; Die Migrationspolitik ist so zu gestalten,<br \/>\ndass sie von der Bev\u00f6lkerung mitgetragen werden kann.<br \/>\n&#8211; Sozialpolitik und Zuwanderungsfragen: Eigene Staatsb\u00fcrger stehen im Vordergrund.<br \/>\n&#8211; Asyl soll jenen Menschen f\u00fcr die &gt;&gt;Dauer ihrer Verfolgung&lt;&lt; geboten werden,<br \/>\ndie \u00d6sterreichs Hilfe wirklich brauchen.<br \/>\n&#8211; Zuwanderung in das \u00f6sterreichische Sozialsystem d\u00e4mpfen.<br \/>\n&#8211; Ma\u00dfstab internationalen Handelns sind die Interessen \u00d6sterreichs und seiner Bev\u00f6lkerung.<br \/>\n&#8211; Zu &#8222;Schengen&#8220; zur\u00fcck, wenn illegale Migration gestoppt und EU-Au\u00dfengrenzen gesichert sind.<br \/>\n&#8211; Anspruch auf Sozialhilfe nur, wer in den vergangenen sechs Jahren f\u00fcnf in \u00d6sterreich lebte.<br \/>\n&#8211; Pr\u00fcfung, ob nach Aussch\u00f6pfung des Arbeitslosengeldanspruchs Herkunftsland wieder zust\u00e4ndig ist .<br \/>\n&#8211; Familienbeihilfe-K\u00fcrzung f\u00fcr Kinder, die im EU-Ausland leben.<br \/>\n&#8211; Sektorale Schlie\u00dfung des Arbeitsmarkts bei erh\u00f6hter Arbeitslosigkeit (unter Vorbehalt).<br \/>\n&#8211; K\u00fcnftig qualifizierte und gelenkte Zuwanderung ausl\u00e4ndischer Arbeitskr\u00e4fte.<br \/>\n&#8211; Familien mit niedrigem Einkommen f\u00f6rdern, auch Steuer familiengerechter gestalten.<br \/>\n&#8211; Wohnungsangebot soll erh\u00f6ht werden und Wohnraum wieder vermehrt im Eigentum.<br \/>\n&#8211; Die Unterhaltsh\u00f6chstgrenzen von Alleinerziehenden rasch weiterentwickeln.<br \/>\n&#8211; Ausbau Kinderbetreuungsangebot, auch \u00d6ffnungszeiten und Ferienbetreuung.<br \/>\n&#8211; Unterst\u00fctzung f\u00fcr Asylberechtigte nur ein Drittel k\u00fcnftiger Mindestsicherung.<br \/>\n&#8211; Geldleistungen an Bedingungen, wie Deutsch-Kurse gekoppelt.<br \/>\n&#8211; K\u00fcnftig keine individuelle Unterbringung f\u00fcr Asylwerber; ausschlie\u00dflich Sachleistungen.<br \/>\n&#8211; Bei Antragsstellung wird Bargeld der Asylsuchenden verwendet zur Kostendeckung.<br \/>\n&#8211; In Grundversorgungseinrichtungen kommen Br\u00fcckenklassen f\u00fcr Deutsch.<br \/>\n&#8211; Separate Klassen f\u00fcr Kinder ohne ausreichende Deutschkenntnisse.<br \/>\n&#8211; Weitere Strafversch\u00e4rfung bei Gewalt- und Sexualdelikten<br \/>\n&#8211; Neue Tatbest\u00e4nde angedacht, wie \u201cBeh\u00f6rdent\u00e4uschung durch Altersl\u00fcge\u201d<br \/>\n&#8211; Jugendlichen Straft\u00e4tern drohen weitere Versch\u00e4rfungen<br \/>\n&#8211; Strafunm\u00fcndigen Straft\u00e4tern drohen \u201ceffektive Ma\u00dfnahmen\u201d.<br \/>\nQuelle: Das Regierungsprogramm von \u00d6VP &amp; FP\u00d6 2017.<br \/>\nSiehe auch <a title=\"Regierungsprogramm von \u00d6VP &amp; FP\u00d6 2017\" href=\"http:\/\/www.vienna.at\/das-regierungsprogramm-von-oevp-fpoe-auf-einen-blick\/5594784\" target=\"_blank\">hier<\/a><\/p>\n<p>Auch sonst kann \u00d6sterreich beispielgebend f\u00fcr unser Land sein. Zum Beispiel die B\u00fcrgerversicherung. Gibt es dort schon l\u00e4ngst, siehe<br \/>\n<a title=\"Heise\" href=\"https:\/\/www.heise.de\/tp\/features\/Buergerversicherung-Warum-nicht-einfach-das-oesterreichische-Modell-uebernehmen-3916798.html\" target=\"_blank\">B\u00fcrgerversicherung: Warum nicht einfach das \u00f6sterreichische Modell \u00fcbernehmen?<\/a><br \/>\nIn der Qualit\u00e4t steht es unserem Gesundheitswesen nicht nach, die KV-Beitr\u00e4ge, man h\u00f6re und staune, sind aber nur halb so hoch wie in Deutschland.<br \/>\nUnd auch \u00d6sterreichs Erwerbst\u00e4tigenversicherung der Altersvorsorge ist weit besser als unsere vergleichsweise r\u00fcckst\u00e4ndige GRV. Mit \u00fcber 50 Prozent h\u00f6heren Renten als in Deutschland!<br \/>\nSiehe auch <a title=\"Rentenreform-Alternative - GRV f\u00fcr alle\" href=\"https:\/\/www.rentenreform-alternative.de\/oe-d-vergleich.htm\" target=\"_blank\">\u00d6sterreich: Sozialsystem bemerkenswert besser als in Deutschland<\/a><\/p>\n<p>Ja, da sollten wir doch bald Beitrittsverhandlungen aufnehmen: Kurz statt Merkel &#8230; ich muss inne halten, die Freudentr\u00e4nen schiessen mir in die Augen, das w\u00e4re ein super Tausch.<\/p>\n","protected":false},"excerpt":{"rendered":"<p>Regierungsbildung in wenigen Wochen in \u00d6sterreich.\u00a0 Ganz im Gegensatz zu Merkel-Hickhack und Unions-Verweigerungshaltung. Was den Menschen hierzulande am meisten auf den N\u00e4geln brennt, hat der k\u00fcnftige Bundeskanzler \u00d6sterreichs, Sebastian Kurz, in\u00a0 wenigen Wochen ohne \u00f6ffentliches Schaulaufen und Streitereien bew\u00e4ltigt. Darunter &hellip; <a href=\"https:\/\/faktengegenvolksverdummung.de\/author\/k-albrecht\/merkel-daemmerung-kurz-kann-es-besser\/\">Weiterlesen <span class=\"meta-nav\">&rarr;<\/span><\/a><\/p>\n","protected":false},"author":2,"featured_media":0,"comment_status":"open","ping_status":"closed","sticky":true,"template":"","format":"standard","meta":{"footnotes":""},"categories":[1,13,315],"tags":[322,318,316,320,321,319,317],"class_list":["post-991","post","type-post","status-publish","format-standard","hentry","category-allgemein","category-merkel","category-mewrkel-daemmerung","tag-bundeskanzler-sebastian-kurz","tag-kurz","tag-merkel-daemmerung","tag-oesterreich","tag-oevp-fpoe-2017","tag-regierungsbildung","tag-unions-verweigerungshaltung"],"_links":{"self":[{"href":"https:\/\/faktengegenvolksverdummung.de\/author\/k-albrecht\/wp-json\/wp\/v2\/posts\/991","targetHints":{"allow":["GET"]}}],"collection":[{"href":"https:\/\/faktengegenvolksverdummung.de\/author\/k-albrecht\/wp-json\/wp\/v2\/posts"}],"about":[{"href":"https:\/\/faktengegenvolksverdummung.de\/author\/k-albrecht\/wp-json\/wp\/v2\/types\/post"}],"author":[{"embeddable":true,"href":"https:\/\/faktengegenvolksverdummung.de\/author\/k-albrecht\/wp-json\/wp\/v2\/users\/2"}],"replies":[{"embeddable":true,"href":"https:\/\/faktengegenvolksverdummung.de\/author\/k-albrecht\/wp-json\/wp\/v2\/comments?post=991"}],"version-history":[{"count":6,"href":"https:\/\/faktengegenvolksverdummung.de\/author\/k-albrecht\/wp-json\/wp\/v2\/posts\/991\/revisions"}],"predecessor-version":[{"id":997,"href":"https:\/\/faktengegenvolksverdummung.de\/author\/k-albrecht\/wp-json\/wp\/v2\/posts\/991\/revisions\/997"}],"wp:attachment":[{"href":"https:\/\/faktengegenvolksverdummung.de\/author\/k-albrecht\/wp-json\/wp\/v2\/media?parent=991"}],"wp:term":[{"taxonomy":"category","embeddable":true,"href":"https:\/\/faktengegenvolksverdummung.de\/author\/k-albrecht\/wp-json\/wp\/v2\/categories?post=991"},{"taxonomy":"post_tag","embeddable":true,"href":"https:\/\/faktengegenvolksverdummung.de\/author\/k-albrecht\/wp-json\/wp\/v2\/tags?post=991"}],"curies":[{"name":"wp","href":"https:\/\/api.w.org\/{rel}","templated":true}]}}